{"id":98854,"date":"2019-06-08T12:03:17","date_gmt":"2019-06-08T15:03:17","guid":{"rendered":"http:\/\/www.caririemacao.com\/1\/?p=98854"},"modified":"2019-06-08T12:03:17","modified_gmt":"2019-06-08T15:03:17","slug":"governo-oficializa-instalacao-da-empaer-e-dirigentes-sao-empossados","status":"publish","type":"post","link":"https:\/\/www.caririemacao.com\/1\/2019\/06\/08\/governo-oficializa-instalacao-da-empaer-e-dirigentes-sao-empossados\/","title":{"rendered":"Governo oficializa instala\u00e7\u00e3o da Empaer e dirigentes s\u00e3o empossados"},"content":{"rendered":"\n<p>Os integrantes do Conselho de Administra\u00e7\u00e3o da Empresa Paraibana de Pesquisa, Extens\u00e3o Rural e Regulariza\u00e7\u00e3o Fundi\u00e1ria (Empaer), da diretoria e todo o corpo operacional das ger\u00eancias e servidores comissionados nomeados pelo governador Jo\u00e3o Azev\u00eado tomaram posse nesta quinta-feira (6), na sede da empresa na estrada de Cabedelo.<\/p>\n\n\n\n<p>Representando o Governo do Estado, foi eleito o procurador geral do Estado, F\u00e1bio Andrade, para presidente do Conselho de Administra\u00e7\u00e3o da Empaer, sendo que os outros integrantes s\u00e3o o secret\u00e1rio da Agricultura e Desenvolvimento da Agropecu\u00e1ria e da Pesca (Sedap), Efraim Morais, Nivaldo Magalh\u00e3es que tamb\u00e9m presidir\u00e1 a Empaer, e ainda tem como membros Porfirio Cat\u00e3o Cartaxo Loureiro e Ronaldo Bastos, representantes dos servidores da nova empresa. Como secret\u00e1ria atuar\u00e1 Ana Maria Queiroga.<\/p>\n\n\n\n<p>A Empaer, empresa vinculada \u00e0 Secretaria do Desenvolvimento da Agropecu\u00e1ria e da Pesca (Sedap), foi criada por meio da Lei 11.316 de 17 de abril deste ano, aprovada pela Assembleia Legislativa, unificando a Emepa, Emater e Interpa. Todas as a\u00e7\u00f5es que vinham sendo trabalhadas pelas tr\u00eas empresas passaram agora a ser executadas conjuntamente.<\/p>\n\n\n\n<p>Assim, tem como objetivo b\u00e1sico pesquisar, programar, executar e fiscalizar a pol\u00edtica p\u00fablica estadual de assist\u00eancia t\u00e9cnica, extens\u00e3o rural e regulariza\u00e7\u00e3o fundi\u00e1ria, com vistas ao desenvolvimento da agropecu\u00e1ria e da pesca, como tamb\u00e9m promover pesquisas de desenvolvimento cient\u00edfico e tecnol\u00f3gico aplicadas \u00e0 agropecu\u00e1ria, al\u00e9m da produ\u00e7\u00e3o de sementes para atender ao agricultor familiar.<\/p>\n\n\n\n<p>Do mesmo modo, promover o desenvolvimento rural, a coloniza\u00e7\u00e3o e o planejamento agr\u00edcola e agr\u00e1rio, a legaliza\u00e7\u00e3o das terras p\u00fablicas para assentamento de fam\u00edlias. Enfim, tamb\u00e9m com atua\u00e7\u00e3o de natureza t\u00e9cnica da empresa, abrangendo sempre uma pol\u00edtica de governo para o desenvolvimento da agropecu\u00e1ria nas \u00e1reas de pesquisa, extens\u00e3o rural e regulariza\u00e7\u00e3o fundi\u00e1ria.<\/p>\n\n\n\n<figure class=\"wp-block-image\"><img decoding=\"async\" data-src=\"https:\/\/paraibaonline.com.br\/wp-content\/uploads\/2019\/06\/empaer-567x318.jpeg\" alt=\"Foto: Secom\/PB\" class=\"wp-image-743027 lazyload\" src=\"data:image\/svg+xml;base64,PHN2ZyB3aWR0aD0iMSIgaGVpZ2h0PSIxIiB4bWxucz0iaHR0cDovL3d3dy53My5vcmcvMjAwMC9zdmciPjwvc3ZnPg==\" style=\"--smush-placeholder-width: 567px; --smush-placeholder-aspect-ratio: 567\/318;\" \/><\/figure>\n\n\n\n<p>Foto: Secom\/PB<\/p>\n\n\n\n<p>Outra a\u00e7\u00e3o a se destacar, \u00e9 a execu\u00e7\u00e3o de programas de assist\u00eancia t\u00e9cnica e extens\u00e3o rural, visando \u00e0 difus\u00e3o de conhecimento de natureza t\u00e9cnica, econ\u00f4mica e social para o aumento da produ\u00e7\u00e3o, da produtividade agr\u00edcola e a melhoria das condi\u00e7\u00f5es de vida no meio rural na Para\u00edba, de acordo com as pol\u00edticas para o setor definidas pelos Governos Federal e Estadual.<\/p>\n\n\n\n<p>Al\u00e9m dos Conselhos de Administra\u00e7\u00e3o e Fiscal, a nova empresa tem diretor-presidente, diretor administrativo, diretor t\u00e9cnico, diretor de pesquisa e diretor de regulariza\u00e7\u00e3o fundi\u00e1ria, al\u00e9m de ger\u00eancias operacionais especificas para cada \u00e1rea de atua\u00e7\u00e3o, seja na dire\u00e7\u00e3o central e nas 15 regi\u00f5es administrativas.<\/p>\n\n\n\n<p>A diretoria \u00e9 composta por um diretor presidente, Nivaldo Magalh\u00e3es; o diretor administrativo, Jean Queiroga; o diretor t\u00e9cnico, Jefferson Morais; o diretor de pesquisa, Manuel Antonio de Almeida; e o diretor de regulariza\u00e7\u00e3o fundi\u00e1ria, Francisco Elias Ramos.<\/p>\n\n\n\n<p>Na ocasi\u00e3o, o Procurador Geral do Estado Fabio Andrade informou que o governador Jo\u00e3o Azev\u00eado est\u00e1 entusiasmado quanto ao desempenho ainda maior da nova empresa. \u201cFoi um grande gesto a unifica\u00e7\u00e3o das tr\u00eas empresas que vai centralizar ainda mais as a\u00e7\u00f5es em favor da agricultura paraibana\u201d, comentou.<\/p>\n\n\n\n<p>O secret\u00e1rio Efraim Morais lembrou o esfor\u00e7o e a dedica\u00e7\u00e3o do presidente Nivaldo Magalh\u00e3es em consolidar a nova empresa, numa a\u00e7\u00e3o que contou com as parcerias dos Sindicatos dos servidores das antigas Emater, Emepa e Interpa. Lembrou da import\u00e2ncia das pesquisas animal e vegeta\u00e7\u00e3o que est\u00e3o \u00e0 disposi\u00e7\u00e3o dos agricultores. \u201cVamos transformar a agricultura numa das prioridades do Governo de Jo\u00e3o Azev\u00eado, com isso mudando a paisagem do interior\u201d, afirmou.<\/p>\n\n\n\n<p>O presidente empossado tamb\u00e9m destacou o apoio recebido de todos, considerando como sendo mais uma vit\u00f3ria dos que integram agora a nova Empaer.<\/p>\n\n\n\n<p>Ap\u00f3s a solenidade de posse, ocorreu uma reuni\u00e3o com a participa\u00e7\u00e3o de t\u00e9cnicos da Secretaria da Fazenda do Estado sobre orienta\u00e7\u00e3o para a emiss\u00e3o de nota fiscal da comercializa\u00e7\u00e3o dos produtos ao agricultor pelos escrit\u00f3rios da Empaer.<\/p>\n","protected":false},"excerpt":{"rendered":"<p>Os integrantes do Conselho de Administra\u00e7\u00e3o da Empresa Paraibana de Pesquisa, Extens\u00e3o Rural e Regulariza\u00e7\u00e3o Fundi\u00e1ria (Empaer), da diretoria e todo o corpo operacional das&hellip; <\/p>\n","protected":false},"author":1,"featured_media":98855,"comment_status":"closed","ping_status":"closed","sticky":false,"template":"","format":"standard","meta":{"sfsi_plus_gutenberg_text_before_share":"","sfsi_plus_gutenberg_show_text_before_share":"","sfsi_plus_gutenberg_icon_type":"","sfsi_plus_gutenberg_icon_alignemt":"","sfsi_plus_gutenburg_max_per_row":"","footnotes":""},"categories":[11],"tags":[],"class_list":["post-98854","post","type-post","status-publish","format-standard","has-post-thumbnail","hentry","category-politica"],"_links":{"self":[{"href":"https:\/\/www.caririemacao.com\/1\/wp-json\/wp\/v2\/posts\/98854","targetHints":{"allow":["GET"]}}],"collection":[{"href":"https:\/\/www.caririemacao.com\/1\/wp-json\/wp\/v2\/posts"}],"about":[{"href":"https:\/\/www.caririemacao.com\/1\/wp-json\/wp\/v2\/types\/post"}],"author":[{"embeddable":true,"href":"https:\/\/www.caririemacao.com\/1\/wp-json\/wp\/v2\/users\/1"}],"replies":[{"embeddable":true,"href":"https:\/\/www.caririemacao.com\/1\/wp-json\/wp\/v2\/comments?post=98854"}],"version-history":[{"count":1,"href":"https:\/\/www.caririemacao.com\/1\/wp-json\/wp\/v2\/posts\/98854\/revisions"}],"predecessor-version":[{"id":98856,"href":"https:\/\/www.caririemacao.com\/1\/wp-json\/wp\/v2\/posts\/98854\/revisions\/98856"}],"wp:featuredmedia":[{"embeddable":true,"href":"https:\/\/www.caririemacao.com\/1\/wp-json\/wp\/v2\/media\/98855"}],"wp:attachment":[{"href":"https:\/\/www.caririemacao.com\/1\/wp-json\/wp\/v2\/media?parent=98854"}],"wp:term":[{"taxonomy":"category","embeddable":true,"href":"https:\/\/www.caririemacao.com\/1\/wp-json\/wp\/v2\/categories?post=98854"},{"taxonomy":"post_tag","embeddable":true,"href":"https:\/\/www.caririemacao.com\/1\/wp-json\/wp\/v2\/tags?post=98854"}],"curies":[{"name":"wp","href":"https:\/\/api.w.org\/{rel}","templated":true}]}}