{"id":98876,"date":"2019-06-08T14:37:26","date_gmt":"2019-06-08T17:37:26","guid":{"rendered":"http:\/\/www.caririemacao.com\/1\/?p=98876"},"modified":"2019-06-08T14:37:26","modified_gmt":"2019-06-08T17:37:26","slug":"prefeitura-do-cariri-paraibano-oferece-vagas-em-concurso-publico","status":"publish","type":"post","link":"https:\/\/www.caririemacao.com\/1\/2019\/06\/08\/prefeitura-do-cariri-paraibano-oferece-vagas-em-concurso-publico\/","title":{"rendered":"Prefeitura do Cariri paraibano oferece vagas em concurso p\u00fablico"},"content":{"rendered":"\n<p>Por meio de concurso p\u00fablico, a Prefeitura Municipal de&nbsp;Dami\u00e3o&nbsp;\u2013 PB divulga 35 vagas para profissionais de ensino fundamental; m\u00e9dio; e superior nas \u00e1reas exigidas.<\/p>\n\n\n\n<p>O certame tem vagas para os seguintes cargos: Agente Administrativo (3); Agente Comunit\u00e1rio de Sa\u00fade (1); Agente de Combate \u00e0s Endemias (1); Agente de Manuten\u00e7\u00e3o e limpeza de Ve\u00edculos (1); Analista de Controle Interno (1); Assistente Social (1); Auxiliar de Servi\u00e7os Gerais (2): Dentista ESF (2): Enfermeiro (2); Enfermeiro ESF (1); Engenheiro Civil (1); Farmac\u00eautico (1); Motorista \u2013 Ambul\u00e2ncia (2); Motorista Transporte Escolar (5); Operador de M\u00e1quinas Pesadas (2); Orientador Educacional (1); Professor PII de: Educa\u00e7\u00e3o F\u00edsica (1); Portugu\u00eas (1); Psic\u00f3logo (1); T\u00e9cnico em: Enfermagem (2): Enfermagem ESF (1); Vigia (2).<\/p>\n\n\n\n<p>Em regime de trabalho de 20h a 40 horas semanais, os profissionais far\u00e3o jus \u00e0 remunera\u00e7\u00e3o de R$ 998,00 a R$ 2.647,07.<br>Interessados poder\u00e3o se inscrever at\u00e9 o dia 26 de junho de 2019, exclusivamente via internet, no endere\u00e7o eletr\u00f4nico&nbsp;www.contemaxconsultoria.com.br.<\/p>\n\n\n\n<p>O valor da taxa varia de R$ 50,00 a R$ 90,00.<\/p>\n\n\n\n<p>O presente Concurso P\u00fablico contar\u00e1 com Prova Objetiva, de car\u00e1ter eliminat\u00f3rio e classificat\u00f3rio; Avalia\u00e7\u00e3o de T\u00edtulos; Prova Pr\u00e1tica de Dire\u00e7\u00e3o e Opera\u00e7\u00e3o Veicular; Curso de Qualifica\u00e7\u00e3o B\u00e1sica.<\/p>\n\n\n\n<p>Est\u00e1 previsto o dia 14 de julho de 2019 para realiza\u00e7\u00e3o da prova objetiva, em hor\u00e1rios e locais a serem divulgados posteriormente.<\/p>\n\n\n\n<p>A validade deste certame ser\u00e1 de dois anos, contados da homologa\u00e7\u00e3o do resultado final, podendo ser prorrogado por igual per\u00edodo.<\/p>\n\n\n\n<p>Para mais informa\u00e7\u00f5es, acesse o edital dispon\u00edvel em nosso site.<\/p>\n","protected":false},"excerpt":{"rendered":"<p>Por meio de concurso p\u00fablico, a Prefeitura Municipal de&nbsp;Dami\u00e3o&nbsp;\u2013 PB divulga 35 vagas para profissionais de ensino fundamental; m\u00e9dio; e superior nas \u00e1reas exigidas. O&hellip; <\/p>\n","protected":false},"author":1,"featured_media":68227,"comment_status":"closed","ping_status":"closed","sticky":false,"template":"","format":"standard","meta":{"sfsi_plus_gutenberg_text_before_share":"","sfsi_plus_gutenberg_show_text_before_share":"","sfsi_plus_gutenberg_icon_type":"","sfsi_plus_gutenberg_icon_alignemt":"","sfsi_plus_gutenburg_max_per_row":"","footnotes":""},"categories":[2],"tags":[],"class_list":["post-98876","post","type-post","status-publish","format-standard","has-post-thumbnail","hentry","category-geral"],"_links":{"self":[{"href":"https:\/\/www.caririemacao.com\/1\/wp-json\/wp\/v2\/posts\/98876","targetHints":{"allow":["GET"]}}],"collection":[{"href":"https:\/\/www.caririemacao.com\/1\/wp-json\/wp\/v2\/posts"}],"about":[{"href":"https:\/\/www.caririemacao.com\/1\/wp-json\/wp\/v2\/types\/post"}],"author":[{"embeddable":true,"href":"https:\/\/www.caririemacao.com\/1\/wp-json\/wp\/v2\/users\/1"}],"replies":[{"embeddable":true,"href":"https:\/\/www.caririemacao.com\/1\/wp-json\/wp\/v2\/comments?post=98876"}],"version-history":[{"count":1,"href":"https:\/\/www.caririemacao.com\/1\/wp-json\/wp\/v2\/posts\/98876\/revisions"}],"predecessor-version":[{"id":98877,"href":"https:\/\/www.caririemacao.com\/1\/wp-json\/wp\/v2\/posts\/98876\/revisions\/98877"}],"wp:featuredmedia":[{"embeddable":true,"href":"https:\/\/www.caririemacao.com\/1\/wp-json\/wp\/v2\/media\/68227"}],"wp:attachment":[{"href":"https:\/\/www.caririemacao.com\/1\/wp-json\/wp\/v2\/media?parent=98876"}],"wp:term":[{"taxonomy":"category","embeddable":true,"href":"https:\/\/www.caririemacao.com\/1\/wp-json\/wp\/v2\/categories?post=98876"},{"taxonomy":"post_tag","embeddable":true,"href":"https:\/\/www.caririemacao.com\/1\/wp-json\/wp\/v2\/tags?post=98876"}],"curies":[{"name":"wp","href":"https:\/\/api.w.org\/{rel}","templated":true}]}}