{"id":98879,"date":"2019-06-08T14:42:17","date_gmt":"2019-06-08T17:42:17","guid":{"rendered":"http:\/\/www.caririemacao.com\/1\/?p=98879"},"modified":"2019-06-08T14:42:17","modified_gmt":"2019-06-08T17:42:17","slug":"xand-aviao-e-solange-almeida-sao-investigados-por-trafico-internacional-de-drogas","status":"publish","type":"post","link":"https:\/\/www.caririemacao.com\/1\/2019\/06\/08\/xand-aviao-e-solange-almeida-sao-investigados-por-trafico-internacional-de-drogas\/","title":{"rendered":"Xand Avi\u00e3o e Solange Almeida s\u00e3o investigados por tr\u00e1fico internacional de drogas"},"content":{"rendered":"\n<p>O Minist\u00e9rio P\u00fablico Federal (MPF), por meio da procuradoria regional da Rep\u00fablica, decidiu pela continuidade de&nbsp;um procedimento investigat\u00f3rio criminal que envolve os cantores Solange Almeida e Xand Avi\u00e3o. Eles est\u00e3o sendo investigados por tr\u00e1fico internacional de drogas, lavagem de dinheiro, amea\u00e7as, forma\u00e7\u00e3o de quadrilha e homic\u00eddios.<\/p>\n\n\n\n<p>Al\u00e9m dos artistas, a investiga\u00e7\u00e3o envolve tamb\u00e9m Antonio Isaias Paiva Duarte, Zequinha Aristides Pereira, Carlos Aristides de Almeida Pereira e Francisco Claudio de Melo Lima, todos s\u00f3cios da empresa A3 entretenimentos, que cuida da carreira da banda de forr\u00f3.<\/p>\n\n\n\n<p>\u201cO arquivamento do presente inqu\u00e9rito \u00e9 prematuro, com a devida v\u00eania \u00e0 Procuradora da Rep\u00fablica oficiante\u201d, diz um trecho do documento.<\/p>\n\n\n\n<p>O processo teve origem em 2014. Em nota, s\u00f3cios da banda afirmaram que j\u00e1 foi arquivado.&nbsp;O POVO Online entrou em contato com a Justi\u00e7a Federal, Minist\u00e9rio P\u00fablico Federal e Pol\u00edcia Federal. O poder judici\u00e1rio, ao contr\u00e1rio do que afirmou a assessoria de imprensa da Avi\u00f5es do Forr\u00f3, respondeu que existe uma investiga\u00e7\u00e3o em curso na PF para apurar as den\u00fancias feitas pelo suposto ex-s\u00f3cio da banda.<\/p>\n","protected":false},"excerpt":{"rendered":"<p>O Minist\u00e9rio P\u00fablico Federal (MPF), por meio da procuradoria regional da Rep\u00fablica, decidiu pela continuidade de&nbsp;um procedimento investigat\u00f3rio criminal que envolve os cantores Solange Almeida&hellip; <\/p>\n","protected":false},"author":1,"featured_media":98880,"comment_status":"closed","ping_status":"closed","sticky":false,"template":"","format":"standard","meta":{"sfsi_plus_gutenberg_text_before_share":"","sfsi_plus_gutenberg_show_text_before_share":"","sfsi_plus_gutenberg_icon_type":"","sfsi_plus_gutenberg_icon_alignemt":"","sfsi_plus_gutenburg_max_per_row":"","footnotes":""},"categories":[2],"tags":[],"class_list":["post-98879","post","type-post","status-publish","format-standard","has-post-thumbnail","hentry","category-geral"],"_links":{"self":[{"href":"https:\/\/www.caririemacao.com\/1\/wp-json\/wp\/v2\/posts\/98879","targetHints":{"allow":["GET"]}}],"collection":[{"href":"https:\/\/www.caririemacao.com\/1\/wp-json\/wp\/v2\/posts"}],"about":[{"href":"https:\/\/www.caririemacao.com\/1\/wp-json\/wp\/v2\/types\/post"}],"author":[{"embeddable":true,"href":"https:\/\/www.caririemacao.com\/1\/wp-json\/wp\/v2\/users\/1"}],"replies":[{"embeddable":true,"href":"https:\/\/www.caririemacao.com\/1\/wp-json\/wp\/v2\/comments?post=98879"}],"version-history":[{"count":1,"href":"https:\/\/www.caririemacao.com\/1\/wp-json\/wp\/v2\/posts\/98879\/revisions"}],"predecessor-version":[{"id":98881,"href":"https:\/\/www.caririemacao.com\/1\/wp-json\/wp\/v2\/posts\/98879\/revisions\/98881"}],"wp:featuredmedia":[{"embeddable":true,"href":"https:\/\/www.caririemacao.com\/1\/wp-json\/wp\/v2\/media\/98880"}],"wp:attachment":[{"href":"https:\/\/www.caririemacao.com\/1\/wp-json\/wp\/v2\/media?parent=98879"}],"wp:term":[{"taxonomy":"category","embeddable":true,"href":"https:\/\/www.caririemacao.com\/1\/wp-json\/wp\/v2\/categories?post=98879"},{"taxonomy":"post_tag","embeddable":true,"href":"https:\/\/www.caririemacao.com\/1\/wp-json\/wp\/v2\/tags?post=98879"}],"curies":[{"name":"wp","href":"https:\/\/api.w.org\/{rel}","templated":true}]}}