{"id":98885,"date":"2019-06-08T14:48:20","date_gmt":"2019-06-08T17:48:20","guid":{"rendered":"http:\/\/www.caririemacao.com\/1\/?p=98885"},"modified":"2019-06-08T14:48:20","modified_gmt":"2019-06-08T17:48:20","slug":"vice-presidente-do-parlanordeste-adriano-participa-de-encontro-de-presidentes-de-assembleias","status":"publish","type":"post","link":"https:\/\/www.caririemacao.com\/1\/2019\/06\/08\/vice-presidente-do-parlanordeste-adriano-participa-de-encontro-de-presidentes-de-assembleias\/","title":{"rendered":"Vice-presidente do ParlaNordeste, Adriano participa de encontro de presidentes de Assembleias"},"content":{"rendered":"\n<p>O presidente da Assembleia Legislativa da Para\u00edba (ALPB) e vice-presidente do ParlaNordeste, Adriano Galdino (PSB), participou, nesta sexta-feira (07), do Encontro de Presidentes de Assembleias Legislativas dos Estados do Nordeste, ocorrido em Salvador (BA). Reunidos na sede do Legislativo baiano, os deputados deram sequ\u00eancia aos encontros peri\u00f3dicos do ParlaNordeste, onde debatem melhorias para a popula\u00e7\u00e3o da Regi\u00e3o Nordeste.<\/p>\n\n\n\n<p>O presidente da ALPB, Adriano Galdino, destacou que durante o encontro os presidentes das Assembleias discutiram uma agenda peri\u00f3dica para debater o fortalecimento do Poder Legislativo, al\u00e9m de temas como a Reforma da Previd\u00eancia, a moderniza\u00e7\u00e3o dos meios de comunica\u00e7\u00e3o das Casas Legislativas e as a\u00e7\u00f5es que possam aproximar a popula\u00e7\u00e3o. Ele acrescentou que os pre\u00e7os abusivos das passagens a\u00e9reas tamb\u00e9m foram discutidos, visto que tem atrapalhado o turismo na regi\u00e3o.<\/p>\n\n\n\n<div class=\"wp-block-image\"><figure class=\"alignleft\"><a href=\"http:\/\/www.al.pb.leg.br\/wp-content\/uploads\/2019\/06\/WhatsApp-Image-2019-06-07-at-12.42.20-PM.jpeg\"><img decoding=\"async\" data-src=\"http:\/\/www.al.pb.leg.br\/wp-content\/uploads\/2019\/06\/xWhatsApp-Image-2019-06-07-at-12.42.20-PM-400x267.jpeg.pagespeed.ic.yEXsOhJ0X2.webp\" alt=\"WhatsApp Image 2019-06-07 at 12.42.20 PM\" class=\"wp-image-32822 lazyload\" src=\"data:image\/svg+xml;base64,PHN2ZyB3aWR0aD0iMSIgaGVpZ2h0PSIxIiB4bWxucz0iaHR0cDovL3d3dy53My5vcmcvMjAwMC9zdmciPjwvc3ZnPg==\" style=\"--smush-placeholder-width: 400px; --smush-placeholder-aspect-ratio: 400\/267;\" \/><\/a><\/figure><\/div>\n\n\n\n<p>\u201cEu estou muito feliz como vice-presidente do ParlaNordeste dar a nossa contribui\u00e7\u00e3o. N\u00f3s debatemos os temas propostos pela Carta de Salvador, como a Reforma da Previd\u00eancia, o Pacto Federativo, al\u00e9m de mais prerrogativas para as Assembleias e o papel das TVs e R\u00e1dios dos Legislativos. Um debate caloroso, em que sete presidentes das Assembleias do Nordeste compareceram \u201c, ressaltou Adriano Galdino.<\/p>\n\n\n\n<p>Galdino explicou que a amplia\u00e7\u00e3o e moderniza\u00e7\u00e3o dos meios de comunica\u00e7\u00e3o das Assembleias ocorreu dada a firme convic\u00e7\u00e3o de todos quanto a necessidade de uma intera\u00e7\u00e3o cada vez mais intensa dos Legislativos com a sociedade. \u201cIsso vai propiciar um controle social mais efetivo e aumenta a transpar\u00eancia das atividades dos parlamentares. No que tange ao abuso das passagens a\u00e9reas, foram un\u00e2nimes as declara\u00e7\u00f5es de rep\u00fadio aos injustific\u00e1veis aumentos de valores\u201d, explicou o presidente Adriano Galdino.<\/p>\n\n\n\n<p>O parlamentar destacou que sete presidentes participaram do Encontro de Presidentes. \u201cRefor\u00e7amos a necessidade de uni\u00e3o e participa\u00e7\u00e3o de todos os Legislativos Estaduais Nordestinos na defesa de nossos interesses, conscientes de que os problemas que afligem o povo do Nordeste s\u00e3o de natureza comum a todos os Estados\u201d, disse Galdino.<\/p>\n","protected":false},"excerpt":{"rendered":"<p>O presidente da Assembleia Legislativa da Para\u00edba (ALPB) e vice-presidente do ParlaNordeste, Adriano Galdino (PSB), participou, nesta sexta-feira (07), do Encontro de Presidentes de Assembleias&hellip; <\/p>\n","protected":false},"author":1,"featured_media":94143,"comment_status":"closed","ping_status":"closed","sticky":false,"template":"","format":"standard","meta":{"sfsi_plus_gutenberg_text_before_share":"","sfsi_plus_gutenberg_show_text_before_share":"","sfsi_plus_gutenberg_icon_type":"","sfsi_plus_gutenberg_icon_alignemt":"","sfsi_plus_gutenburg_max_per_row":"","footnotes":""},"categories":[11],"tags":[],"class_list":["post-98885","post","type-post","status-publish","format-standard","has-post-thumbnail","hentry","category-politica"],"_links":{"self":[{"href":"https:\/\/www.caririemacao.com\/1\/wp-json\/wp\/v2\/posts\/98885","targetHints":{"allow":["GET"]}}],"collection":[{"href":"https:\/\/www.caririemacao.com\/1\/wp-json\/wp\/v2\/posts"}],"about":[{"href":"https:\/\/www.caririemacao.com\/1\/wp-json\/wp\/v2\/types\/post"}],"author":[{"embeddable":true,"href":"https:\/\/www.caririemacao.com\/1\/wp-json\/wp\/v2\/users\/1"}],"replies":[{"embeddable":true,"href":"https:\/\/www.caririemacao.com\/1\/wp-json\/wp\/v2\/comments?post=98885"}],"version-history":[{"count":1,"href":"https:\/\/www.caririemacao.com\/1\/wp-json\/wp\/v2\/posts\/98885\/revisions"}],"predecessor-version":[{"id":98886,"href":"https:\/\/www.caririemacao.com\/1\/wp-json\/wp\/v2\/posts\/98885\/revisions\/98886"}],"wp:featuredmedia":[{"embeddable":true,"href":"https:\/\/www.caririemacao.com\/1\/wp-json\/wp\/v2\/media\/94143"}],"wp:attachment":[{"href":"https:\/\/www.caririemacao.com\/1\/wp-json\/wp\/v2\/media?parent=98885"}],"wp:term":[{"taxonomy":"category","embeddable":true,"href":"https:\/\/www.caririemacao.com\/1\/wp-json\/wp\/v2\/categories?post=98885"},{"taxonomy":"post_tag","embeddable":true,"href":"https:\/\/www.caririemacao.com\/1\/wp-json\/wp\/v2\/tags?post=98885"}],"curies":[{"name":"wp","href":"https:\/\/api.w.org\/{rel}","templated":true}]}}