{"id":98912,"date":"2019-06-09T07:53:21","date_gmt":"2019-06-09T10:53:21","guid":{"rendered":"http:\/\/www.caririemacao.com\/1\/?p=98912"},"modified":"2019-06-09T07:53:21","modified_gmt":"2019-06-09T10:53:21","slug":"idecan-adia-divulgacao-do-resultado-do-concurso-para-tecnicos-administrativos-do-ifpb","status":"publish","type":"post","link":"https:\/\/www.caririemacao.com\/1\/2019\/06\/09\/idecan-adia-divulgacao-do-resultado-do-concurso-para-tecnicos-administrativos-do-ifpb\/","title":{"rendered":"Idecan adia divulga\u00e7\u00e3o do resultado do concurso para t\u00e9cnicos administrativos do IFPB"},"content":{"rendered":"\n<p>O Idecan (Instituto de Desenvolvimento Educacional, Cultural e Assistencial Nacional), adiou a divulga\u00e7\u00e3o do resultado do concurso para servidores t\u00e9cnico-administrativos do Instituto Federal da Para\u00edba (IFPB), originalmente previsto para ser divulgado nesta sexta-feira (7).&nbsp;<\/p>\n\n\n\n<p>De acordo com o comunicado, divulgado neste s\u00e1bado (8), o resultado dos recursos s\u00f3 ser\u00e3o divulgados no dia 19.<\/p>\n\n\n\n<p>O concurso teve as provas objetivas aplicadas no dia 19 de maio. Ao todo s\u00e3o oferecidas 38 vagas, sendo 36 para o cargo t\u00e9cnico-administrativo e duas vagas&nbsp; para t\u00e9cnico-administrativos (tradutor e int\u00e9rprete). Os sal\u00e1rios v\u00e3o de R$ 1.945,07 a R$ 4.180,66.&nbsp;<\/p>\n\n\n\n<p>O concurso p\u00fablico do IFPB teve registro de 10.483 candidatos faltosos, 31,4% do total de inscritos, que foi de 33.432.&nbsp;<\/p>\n\n\n\n<p>A&nbsp; banca Idecan, que foi contratada por R$ 3.278.500,00 para realizar o certame, aplicou as provas nas cidades de Jo\u00e3o Pessoa, Cabedelo, Guarabira, Campina Grande, Picu\u00ed, Monteiro, Patos, Sousa e Cajazeiras.&nbsp;<\/p>\n","protected":false},"excerpt":{"rendered":"<p>O Idecan (Instituto de Desenvolvimento Educacional, Cultural e Assistencial Nacional), adiou a divulga\u00e7\u00e3o do resultado do concurso para servidores t\u00e9cnico-administrativos do Instituto Federal da Para\u00edba&hellip; <\/p>\n","protected":false},"author":1,"featured_media":95662,"comment_status":"closed","ping_status":"closed","sticky":false,"template":"","format":"standard","meta":{"sfsi_plus_gutenberg_text_before_share":"","sfsi_plus_gutenberg_show_text_before_share":"","sfsi_plus_gutenberg_icon_type":"","sfsi_plus_gutenberg_icon_alignemt":"","sfsi_plus_gutenburg_max_per_row":"","footnotes":""},"categories":[14],"tags":[],"class_list":["post-98912","post","type-post","status-publish","format-standard","has-post-thumbnail","hentry","category-educacao"],"_links":{"self":[{"href":"https:\/\/www.caririemacao.com\/1\/wp-json\/wp\/v2\/posts\/98912","targetHints":{"allow":["GET"]}}],"collection":[{"href":"https:\/\/www.caririemacao.com\/1\/wp-json\/wp\/v2\/posts"}],"about":[{"href":"https:\/\/www.caririemacao.com\/1\/wp-json\/wp\/v2\/types\/post"}],"author":[{"embeddable":true,"href":"https:\/\/www.caririemacao.com\/1\/wp-json\/wp\/v2\/users\/1"}],"replies":[{"embeddable":true,"href":"https:\/\/www.caririemacao.com\/1\/wp-json\/wp\/v2\/comments?post=98912"}],"version-history":[{"count":1,"href":"https:\/\/www.caririemacao.com\/1\/wp-json\/wp\/v2\/posts\/98912\/revisions"}],"predecessor-version":[{"id":98913,"href":"https:\/\/www.caririemacao.com\/1\/wp-json\/wp\/v2\/posts\/98912\/revisions\/98913"}],"wp:featuredmedia":[{"embeddable":true,"href":"https:\/\/www.caririemacao.com\/1\/wp-json\/wp\/v2\/media\/95662"}],"wp:attachment":[{"href":"https:\/\/www.caririemacao.com\/1\/wp-json\/wp\/v2\/media?parent=98912"}],"wp:term":[{"taxonomy":"category","embeddable":true,"href":"https:\/\/www.caririemacao.com\/1\/wp-json\/wp\/v2\/categories?post=98912"},{"taxonomy":"post_tag","embeddable":true,"href":"https:\/\/www.caririemacao.com\/1\/wp-json\/wp\/v2\/tags?post=98912"}],"curies":[{"name":"wp","href":"https:\/\/api.w.org\/{rel}","templated":true}]}}