{"id":98919,"date":"2019-06-09T07:55:41","date_gmt":"2019-06-09T10:55:41","guid":{"rendered":"http:\/\/www.caririemacao.com\/1\/?p=98919"},"modified":"2019-06-09T07:55:41","modified_gmt":"2019-06-09T10:55:41","slug":"bolsonaro-sem-credito-suplementar-pagamento-de-bpc-sera-suspenso","status":"publish","type":"post","link":"https:\/\/www.caririemacao.com\/1\/2019\/06\/09\/bolsonaro-sem-credito-suplementar-pagamento-de-bpc-sera-suspenso\/","title":{"rendered":"Bolsonaro: sem cr\u00e9dito suplementar pagamento de BPC ser\u00e1 suspenso"},"content":{"rendered":"\n<p>O presidente Jair Bolsonaro disse hoje (8) que, sem a aprova\u00e7\u00e3o pelo Congresso Nacional do projeto de cr\u00e9dito suplementar de R$ 248,9 bilh\u00f5es (PLN 4\/19), o pagamento do Benef\u00edcio de Presta\u00e7\u00e3o Continuada (BPC), destinado a idosos de baixa renda e pessoas com defici\u00eancia, ter\u00e1 que ser suspenso dia 25 deste m\u00eas.<br><\/p>\n\n\n\n<p>\u201cSem aprova\u00e7\u00e3o do PLN 4 pelo Congresso, teremos que suspender o pagamento de benef\u00edcios a idosos e pessoas com defici\u00eancia j\u00e1 no pr\u00f3ximo dia 25. Nos meses seguintes faltar\u00e3o recursos para aposentadorias, Bolsa Fam\u00edlia, Pronaf [Programa Nacional de Fortalecimento da Agricultura Familiar], Plano Safra\u2026\u201d, escreveu na sua conta no Twitter.<\/p>\n\n\n\n<p>Bolsonaro acrescentou que acredita \u201cna costumeira responsabilidade e patriotismo dos deputados e senadores na aprova\u00e7\u00e3o urgente da mat\u00e9ria\u201d.<\/p>\n\n\n\n<figure class=\"wp-block-image\"><img decoding=\"async\" data-src=\"https:\/\/www.clickpb.com.br\/media\/filer_public\/23\/ba\/23ba93aa-619b-419d-9ba0-0aac29c6bf26\/586d16d4-b0b9-4a95-9ca9-f95b3bfdac26.jpg\" alt=\"\" src=\"data:image\/svg+xml;base64,PHN2ZyB3aWR0aD0iMSIgaGVpZ2h0PSIxIiB4bWxucz0iaHR0cDovL3d3dy53My5vcmcvMjAwMC9zdmciPjwvc3ZnPg==\" class=\"lazyload\" \/><\/figure>\n\n\n\n<p>Na \u00faltima quarta-feira (5), depois de fracassar a tentativa para um acordo sobre o parecer do deputado Hildo Rocha (MDB-MA) ao projeto de cr\u00e9dito suplementar, o presidente da Comiss\u00e3o Mista de Or\u00e7amento (CMO), senador Marcelo Castro (MDB-PI), suspendeu at\u00e9 a pr\u00f3xima ter\u00e7a-feira (11) a discuss\u00e3o do assunto no colegiado.<\/p>\n\n\n\n<p>Segundo a equipe econ\u00f4mica do&nbsp; governo, a autoriza\u00e7\u00e3o do Congresso para esse cr\u00e9dito extra \u00e9 fundamental para garantir o pagamento de subs\u00eddios e benef\u00edcios assistenciais sem descumprir a chamada regra de ouro, que impede a emiss\u00e3o de d\u00edvida para pagar despesas correntes, como sal\u00e1rios.<\/p>\n\n\n\n<p>O governo tem pressa para ver a proposta aprovada. A expectativa do secret\u00e1rio do Tesouro Nacional, Mansueto Almeida, \u00e9 de que o Congresso vote a mat\u00e9ria at\u00e9 o dia 15 de junho, caso contr\u00e1rio o Plano Safra 2019\/2020 tamb\u00e9m ser\u00e1 afetado, uma vez que, sem cr\u00e9dito garantido, n\u00e3o pode sequer ser anunciado.<\/p>\n","protected":false},"excerpt":{"rendered":"<p>O presidente Jair Bolsonaro disse hoje (8) que, sem a aprova\u00e7\u00e3o pelo Congresso Nacional do projeto de cr\u00e9dito suplementar de R$ 248,9 bilh\u00f5es (PLN 4\/19),&hellip; <\/p>\n","protected":false},"author":1,"featured_media":98920,"comment_status":"closed","ping_status":"closed","sticky":false,"template":"","format":"standard","meta":{"sfsi_plus_gutenberg_text_before_share":"","sfsi_plus_gutenberg_show_text_before_share":"","sfsi_plus_gutenberg_icon_type":"","sfsi_plus_gutenberg_icon_alignemt":"","sfsi_plus_gutenburg_max_per_row":"","footnotes":""},"categories":[50,11],"tags":[],"class_list":["post-98919","post","type-post","status-publish","format-standard","has-post-thumbnail","hentry","category-destaque","category-politica"],"_links":{"self":[{"href":"https:\/\/www.caririemacao.com\/1\/wp-json\/wp\/v2\/posts\/98919","targetHints":{"allow":["GET"]}}],"collection":[{"href":"https:\/\/www.caririemacao.com\/1\/wp-json\/wp\/v2\/posts"}],"about":[{"href":"https:\/\/www.caririemacao.com\/1\/wp-json\/wp\/v2\/types\/post"}],"author":[{"embeddable":true,"href":"https:\/\/www.caririemacao.com\/1\/wp-json\/wp\/v2\/users\/1"}],"replies":[{"embeddable":true,"href":"https:\/\/www.caririemacao.com\/1\/wp-json\/wp\/v2\/comments?post=98919"}],"version-history":[{"count":1,"href":"https:\/\/www.caririemacao.com\/1\/wp-json\/wp\/v2\/posts\/98919\/revisions"}],"predecessor-version":[{"id":98921,"href":"https:\/\/www.caririemacao.com\/1\/wp-json\/wp\/v2\/posts\/98919\/revisions\/98921"}],"wp:featuredmedia":[{"embeddable":true,"href":"https:\/\/www.caririemacao.com\/1\/wp-json\/wp\/v2\/media\/98920"}],"wp:attachment":[{"href":"https:\/\/www.caririemacao.com\/1\/wp-json\/wp\/v2\/media?parent=98919"}],"wp:term":[{"taxonomy":"category","embeddable":true,"href":"https:\/\/www.caririemacao.com\/1\/wp-json\/wp\/v2\/categories?post=98919"},{"taxonomy":"post_tag","embeddable":true,"href":"https:\/\/www.caririemacao.com\/1\/wp-json\/wp\/v2\/tags?post=98919"}],"curies":[{"name":"wp","href":"https:\/\/api.w.org\/{rel}","templated":true}]}}