{"id":98925,"date":"2019-06-09T08:01:37","date_gmt":"2019-06-09T11:01:37","guid":{"rendered":"http:\/\/www.caririemacao.com\/1\/?p=98925"},"modified":"2019-06-09T08:01:37","modified_gmt":"2019-06-09T11:01:37","slug":"inss-demite-servidor-que-pintou-rosto-para-entrar-em-cota","status":"publish","type":"post","link":"https:\/\/www.caririemacao.com\/1\/2019\/06\/09\/inss-demite-servidor-que-pintou-rosto-para-entrar-em-cota\/","title":{"rendered":"INSS demite servidor que pintou rosto para entrar em cota"},"content":{"rendered":"\n<p>\u00c0 esquerda, foto do banco de dados da PF e, \u00e0 direita, foto tirada pelo candidato<br>Um servidor branco e de olhos verdes que pintou o rosto e usou lentes de cor escura para conseguir uma vaga destinada \u00e0 cota para pretos e pardos em um concurso do INSS (Instituto Nacional de Seguro Social) foi demitido pelo \u00f3rg\u00e3o.<\/p>\n\n\n\n<p>Lucas Soares Fontes estava lotado na ger\u00eancia executiva do \u00f3rg\u00e3o em Juiz de Fora, a 273 km de Belo Horizonte, respondia a processo administrativo sobre o caso e foi exonerado em 24 de maio.&nbsp;<\/p>\n\n\n\n<p>O processo administrativo foi instaurado ap\u00f3s uma den\u00fancia an\u00f4nima, que afirmou que Lucas &#8220;utilizou de declara\u00e7\u00e3o falsa para concorrer \u00e0 vaga reservada a cota de negros para ingresso no INSS, tendo em vista ser branco de olhos verdes&#8221;.&nbsp;<\/p>\n\n\n\n<p>Conforme o \u00f3rg\u00e3o, cabia ao Cebraspe, banca contratada para a organiza\u00e7\u00e3o do concurso p\u00fablico, verificar os candidatos que se autodeclararam pretos ou pardos. \u00c0 \u00e9poca, a verifica\u00e7\u00e3o foi feita por uma foto tirada por Lucas Fontes Soares e encaminhada \u00e0 banca.<\/p>\n\n\n\n<p>A imagem foi analisada pela Coordena\u00e7\u00e3o de Desenvolvimento de Carreiras do \u00f3rg\u00e3o, que observou &#8220;tonalidade branca na parte inferior do bra\u00e7o e escura na superior, parecendo que havia passado uma maquiagem mais escura sobre a pele, de forma que manchou a camiseta do candidato&#8221;.<\/p>\n\n\n\n<p>Segundo o processo, a fotografia foi encaminhada ao setor que deu posse a Lucas Soares Fontes, &#8220;que informou que a pessoa que tomou posse era diferente da fotografia apresentada na inscri\u00e7\u00e3o pelo candidato&#8221;.<\/p>\n\n\n\n<p>Em sua defesa, Lucas Soares Fontes encaminhou ao \u00f3rg\u00e3o documentos como certid\u00e3o de nascimento em que consta cor parda, ficha de inclus\u00e3o de est\u00e1gio, rela\u00e7\u00e3o de candidatos classificados por curso na UFRJ (Universidade Federal do Rio de Janeiro), no Conselho Regional de Psicologia de Minas Gerais, como cotista. No entanto, o Cebraspe afirmou que analisa n\u00e3o somente a autodeclara\u00e7\u00e3o, mas tamb\u00e9m o fen\u00f3tipo (caracter\u00edsticas f\u00edsicas) do candidato.&nbsp;<\/p>\n\n\n\n<p>A reportagem entrou em contato com o Cebraspe e tenta contato com o ex-servidor Lucas Soares Fontes.\u00a0<\/p>\n\n\n\n<p><\/p>\n\n\n\n<p>R7<\/p>\n","protected":false},"excerpt":{"rendered":"<p>\u00c0 esquerda, foto do banco de dados da PF e, \u00e0 direita, foto tirada pelo candidatoUm servidor branco e de olhos verdes que pintou o&hellip; <\/p>\n","protected":false},"author":1,"featured_media":98926,"comment_status":"closed","ping_status":"closed","sticky":false,"template":"","format":"standard","meta":{"sfsi_plus_gutenberg_text_before_share":"","sfsi_plus_gutenberg_show_text_before_share":"","sfsi_plus_gutenberg_icon_type":"","sfsi_plus_gutenberg_icon_alignemt":"","sfsi_plus_gutenburg_max_per_row":"","footnotes":""},"categories":[50,12],"tags":[],"class_list":["post-98925","post","type-post","status-publish","format-standard","has-post-thumbnail","hentry","category-destaque","category-policia"],"_links":{"self":[{"href":"https:\/\/www.caririemacao.com\/1\/wp-json\/wp\/v2\/posts\/98925","targetHints":{"allow":["GET"]}}],"collection":[{"href":"https:\/\/www.caririemacao.com\/1\/wp-json\/wp\/v2\/posts"}],"about":[{"href":"https:\/\/www.caririemacao.com\/1\/wp-json\/wp\/v2\/types\/post"}],"author":[{"embeddable":true,"href":"https:\/\/www.caririemacao.com\/1\/wp-json\/wp\/v2\/users\/1"}],"replies":[{"embeddable":true,"href":"https:\/\/www.caririemacao.com\/1\/wp-json\/wp\/v2\/comments?post=98925"}],"version-history":[{"count":1,"href":"https:\/\/www.caririemacao.com\/1\/wp-json\/wp\/v2\/posts\/98925\/revisions"}],"predecessor-version":[{"id":98927,"href":"https:\/\/www.caririemacao.com\/1\/wp-json\/wp\/v2\/posts\/98925\/revisions\/98927"}],"wp:featuredmedia":[{"embeddable":true,"href":"https:\/\/www.caririemacao.com\/1\/wp-json\/wp\/v2\/media\/98926"}],"wp:attachment":[{"href":"https:\/\/www.caririemacao.com\/1\/wp-json\/wp\/v2\/media?parent=98925"}],"wp:term":[{"taxonomy":"category","embeddable":true,"href":"https:\/\/www.caririemacao.com\/1\/wp-json\/wp\/v2\/categories?post=98925"},{"taxonomy":"post_tag","embeddable":true,"href":"https:\/\/www.caririemacao.com\/1\/wp-json\/wp\/v2\/tags?post=98925"}],"curies":[{"name":"wp","href":"https:\/\/api.w.org\/{rel}","templated":true}]}}