{"id":98930,"date":"2019-06-09T08:05:00","date_gmt":"2019-06-09T11:05:00","guid":{"rendered":"http:\/\/www.caririemacao.com\/1\/?p=98930"},"modified":"2019-06-09T08:05:00","modified_gmt":"2019-06-09T11:05:00","slug":"ex-motorista-acusa-alexandre-frota-de-usa-lo-como-laranja-em-empresas","status":"publish","type":"post","link":"https:\/\/www.caririemacao.com\/1\/2019\/06\/09\/ex-motorista-acusa-alexandre-frota-de-usa-lo-como-laranja-em-empresas\/","title":{"rendered":"Ex-motorista acusa Alexandre Frota de us\u00e1-lo como laranja em empresas"},"content":{"rendered":"\n<p>Ex-motorista de Alexandre Frota, Marcelo Ricardo Silva afirma que foi usado como laranja pelo deputado federal do PSL.<\/p>\n\n\n\n<p>Em depoimento ao Minist\u00e9rio P\u00fablico de S\u00e3o Paulo, Marcelo disse que assumiu, a pedido do atual parlamentar, a titularidade de duas empresas que eram de Frota em troca de promessas de compensa\u00e7\u00f5es.<\/p>\n\n\n\n<p>Afirmou tamb\u00e9m que recebia, por orienta\u00e7\u00e3o do deputado, pagamentos de terceiros e os repassava para a mulher de Frota.<\/p>\n\n\n\n<p>Vice-l\u00edder do PSL na C\u00e2mara, Frota se tornou um dos protagonistas do partido do presidente Jair Bolsonaro na Casa, com disputas frequentes na articula\u00e7\u00e3o pol\u00edtica do governo e para impulsionar projetos como a reforma da Previd\u00eancia.<\/p>\n\n\n\n<p>\u00c0 Folha de S.Paulo o ex-motorista de Frota reafirmou o que disse ao Minist\u00e9rio P\u00fablico e fez novas acusa\u00e7\u00f5es.<\/p>\n\n\n\n<p>Afirmou que trabalhou na campanha eleitoral do parlamentar e que foi pago por empres\u00e1rios amigos de Frota, recursos que n\u00e3o foram declarados \u00e0 Justi\u00e7a Eleitoral.<br>Marcelo chegou a ser lotado no gabinete de Frota por cerca de 20 dias em fevereiro, mas foi exonerado no final daquele m\u00eas.<\/p>\n\n\n\n<p>Procurado, Frota negou irregularidades e se disse v\u00edtima de &#8220;pr\u00e1ticas de amea\u00e7as e extors\u00e3o.&#8221;<\/p>\n\n\n\n<p>&#8220;Dessas condutas criminosas, em mar\u00e7o de 2019 o deputado lavrou um boletim de ocorr\u00eancia na Pol\u00edcia Civil de Cotia (SP) e uma representa\u00e7\u00e3o perante a Pol\u00edcia Legislativa da C\u00e2mara dos Deputados (raz\u00e3o porque o mesmo est\u00e1 proibido de l\u00e1 adentrar)&#8221;, respondeu o parlamentar, em nota.<\/p>\n\n\n\n<p>O depoimento de Marcelo foi prestado em 28 de maio de 2019. Nele, o ex-funcion\u00e1rio relata uma rela\u00e7\u00e3o de servi\u00e7os a Frota que remonta a 2017, quando os dois teriam sido apresentados por um amigo em comum.<\/p>\n\n\n\n<p>De acordo com o que disse Marcelo ao Minist\u00e9rio P\u00fablico paulista, Frota lhe conseguiu um emprego na TV Nova Cidade e naquele mesmo ano pediu que ele entrasse como dono em duas empresas: a F. R. Publicidade e Atividades Art\u00edsticas e a DP Publicidade Propaganda e Eventos Ltda.<\/p>\n\n\n\n<p>&#8220;Ele [Frota] falou: eu tenho essas duas empresas minhas. Vou passar para o teu nome, e vou te dar uma porcentagem. Eu falei beleza, t\u00e1 bom, crente que ia ganhar alguma coisa&#8221;, disse Marcelo \u00e0 Folha de S.Paulo.<\/p>\n\n\n\n<p>Registros na Junta Comercial de S\u00e3o Paulo revelam que as duas empresas estavam no nome de Frota e foram transferidas para Marcelo.<\/p>\n\n\n\n<p>A entrada de Marcelo no quadro societ\u00e1rio da DP Publicidade ocorreu em julho de 2017. Na F. R. Publicidade, o ex-motorista se tornou um dos s\u00f3cios em mar\u00e7o de 2018.<br>O parlamentar alega que &#8220;as op\u00e7\u00f5es empresariais&#8221; com seu ex-funcion\u00e1rio &#8220;foram l\u00edcitas&#8221;. &#8220;Toda a rela\u00e7\u00e3o com o mesmo anteriormente a 2019 foi privada&#8221;, justificou, tamb\u00e9m em nota.<\/p>\n\n\n\n<p>No relato do ex-funcion\u00e1rio ao Minist\u00e9rio P\u00fablico, o primeiro problema da sua rela\u00e7\u00e3o com Frota ocorreu em 2018. \u00c0 \u00e9poca, diz, ele j\u00e1 n\u00e3o prestava servi\u00e7os \u00e0 TV Nova Cidade e havia rec\u00e9m-conclu\u00eddo um trabalho em uma empresa de telecomunica\u00e7\u00f5es.<br>Ao pedir o seguro-desemprego, Marcelo diz que teve o benef\u00edcio negado em raz\u00e3o de constar como s\u00f3cio das empresas.<\/p>\n\n\n\n<p>Segundo o ex-motorista, ao informar Frota sobre o problema, o agora parlamentar lhe prometeu uma compensa\u00e7\u00e3o de R$ 10 mil. Marcelo afirma que nunca recebeu o valor.<br>Ele contou ainda ao promotor de Justi\u00e7a que seguiu prestando servi\u00e7os de motorista para Alexandre Frota.<\/p>\n\n\n\n<p>Por orienta\u00e7\u00e3o de Frota, disse Marcelo, ele repassava \u00e0 mulher do agora deputado, Fabiana, valores que recebia de terceiros e cuja origem desconhecida.<\/p>\n\n\n\n<p>O ex-motorista disse que os dep\u00f3sitos que ele fez na conta da esposa de Frota chegaram a cerca de R$ 70 mil.<\/p>\n\n\n\n<p>&#8220;Ele [Frota] n\u00e3o falava em dinheiro. Dizia que vai ter um show e estou precisando dos ingressos. O Frota mandava eu cobrar os ingressos. Um cara do Rio de Janeiro j\u00e1 sabia que era o dinheiro que tinha que depositar. Ele depositava picado&#8221;, disse Marcelo \u00e0 Folha de S.Paulo.<\/p>\n\n\n\n<p>&#8220;Ca\u00eda na minha conta e ele passava: &#8216;os ingressos j\u00e1 foram emitidos.&#8217; Eu j\u00e1 sabia que era para ir no banco sacar o dinheiro e transferir para a esposa dele [Fabiana]&#8221;, acrescentou.<\/p>\n\n\n\n<p>\u00c0 Folha de S.Paulo Marcelo contou ter trabalhado para Frota tamb\u00e9m durante a campanha. De acordo com ele, depois de realizar suas tarefas como motorista da fam\u00edlia do ent\u00e3o candidato, o agora deputado o orientava a fazer panfletagem.<\/p>\n\n\n\n<p>Em um \u00e1udio encaminhados por Marcelo \u00e0 Folha de S.Paulo, o deputado lhe pergunta sobre a &#8220;opera\u00e7\u00e3o distribui\u00e7\u00e3o de santinho&#8221;. &#8220;Distribuiu o santinho? Como est\u00e1 a opera\u00e7\u00e3o distribui\u00e7\u00e3o de santinho?&#8221;, diz Frota na mensagem de voz.<\/p>\n\n\n\n<p>Segundo o ex-funcion\u00e1rio, no per\u00edodo ele passou a ser remunerado por dois empres\u00e1rios amigos do deputado, um dono de uma concession\u00e1ria em S\u00e3o Paulo e o outro diretor de uma escola.<\/p>\n\n\n\n<p>&#8220;Eu recebi [durante a campanha] o sal\u00e1rio diretamente do empres\u00e1rio, quem tinha que pagar era o empres\u00e1rio&#8221;, disse.<\/p>\n\n\n\n<p>Frota assinou um contrato com o diretor-geral do col\u00e9gio Canello Marques Eireli, Samerson Canello Marques, pelo qual a escola se comprometeu a pagar ao deputado R$ 12,5 mil em troca de uma palestra, para alunos do ensino m\u00e9dio, sobre &#8220;drogas e depend\u00eancia qu\u00edmica.&#8221;<\/p>\n\n\n\n<p>Marcelo afirma que o contrato foi feito para justificar o pagamento do seu sal\u00e1rio.<br>\u00c0 Folha de S.Paulo Samerson Canello disse que Frota deu de fato a palestra no col\u00e9gio e que o valor acertado com o parlamentar pelo evento foi pago em parcelas ao longo de 2018.<\/p>\n\n\n\n<p>No entanto, ele disse que, a pedido de Frota, os dep\u00f3sitos foram feitos na conta de Marcelo Ricardo Silva. As parcelas pagas pelo diretor da escola ao ex-motorista variaram de R$ 1.500 a R$ 2.500.<\/p>\n\n\n\n<p>O deputado, por sua vez, nega que Marcelo tenha exercido qualquer atividade relacionada \u00e0 sua campanha eleitoral.<\/p>\n\n\n\n<p>&#8220;Da pretensa rela\u00e7\u00e3o em campanha: n\u00e3o houve, pois [Marcelo Silva] nunca atendeu a campanha eleitoral. De outro modo, a sua rela\u00e7\u00e3o era trabalhista, como motorista, com registro em carteira, para atendimento dom\u00e9stico, de Alexandre [Frota] e de sua fam\u00edlia&#8221;, disse.<\/p>\n\n\n\n<p>Frota diz que demitiu Marcelo &#8220;em raz\u00e3o de insubordina\u00e7\u00e3o e condutas inadequadas.&#8221; Ele disse ainda que seu ex-funcion\u00e1rio &#8220;ligou para dezenas de pessoas do relacionamento pessoal de seu ex-chefe, com discurso vitimista.&#8221;<\/p>\n\n\n\n<p>&#8220;H\u00e1 todas as provas disso, que ser\u00e3o encaminhadas ao Minist\u00e9rio P\u00fablico para provid\u00eancias. Mesmo porque, o deputado representar\u00e1 criminalmente contra Marcelo Ricardo Silva&#8221;, afirma Frota.<\/p>\n\n\n\n<p>Marcelo v\u00ea a hist\u00f3ria de outra maneira.<\/p>\n\n\n\n<p>&#8220;Enquanto eu recebi dinheiro na minha conta como caixa 2 na campanha, a\u00ed eu servi. As duas empresas dele que constam no meu nome, para isso eu servi&#8221;, disse o ex-motorista \u00e0 Folha de S.Paulo. &#8220;Agora eu n\u00e3o presto mais?&#8221;<\/p>\n","protected":false},"excerpt":{"rendered":"<p>Ex-motorista de Alexandre Frota, Marcelo Ricardo Silva afirma que foi usado como laranja pelo deputado federal do PSL. Em depoimento ao Minist\u00e9rio P\u00fablico de S\u00e3o&hellip; <\/p>\n","protected":false},"author":1,"featured_media":98931,"comment_status":"closed","ping_status":"closed","sticky":false,"template":"","format":"standard","meta":{"sfsi_plus_gutenberg_text_before_share":"","sfsi_plus_gutenberg_show_text_before_share":"","sfsi_plus_gutenberg_icon_type":"","sfsi_plus_gutenberg_icon_alignemt":"","sfsi_plus_gutenburg_max_per_row":"","footnotes":""},"categories":[11],"tags":[],"class_list":["post-98930","post","type-post","status-publish","format-standard","has-post-thumbnail","hentry","category-politica"],"_links":{"self":[{"href":"https:\/\/www.caririemacao.com\/1\/wp-json\/wp\/v2\/posts\/98930","targetHints":{"allow":["GET"]}}],"collection":[{"href":"https:\/\/www.caririemacao.com\/1\/wp-json\/wp\/v2\/posts"}],"about":[{"href":"https:\/\/www.caririemacao.com\/1\/wp-json\/wp\/v2\/types\/post"}],"author":[{"embeddable":true,"href":"https:\/\/www.caririemacao.com\/1\/wp-json\/wp\/v2\/users\/1"}],"replies":[{"embeddable":true,"href":"https:\/\/www.caririemacao.com\/1\/wp-json\/wp\/v2\/comments?post=98930"}],"version-history":[{"count":1,"href":"https:\/\/www.caririemacao.com\/1\/wp-json\/wp\/v2\/posts\/98930\/revisions"}],"predecessor-version":[{"id":98932,"href":"https:\/\/www.caririemacao.com\/1\/wp-json\/wp\/v2\/posts\/98930\/revisions\/98932"}],"wp:featuredmedia":[{"embeddable":true,"href":"https:\/\/www.caririemacao.com\/1\/wp-json\/wp\/v2\/media\/98931"}],"wp:attachment":[{"href":"https:\/\/www.caririemacao.com\/1\/wp-json\/wp\/v2\/media?parent=98930"}],"wp:term":[{"taxonomy":"category","embeddable":true,"href":"https:\/\/www.caririemacao.com\/1\/wp-json\/wp\/v2\/categories?post=98930"},{"taxonomy":"post_tag","embeddable":true,"href":"https:\/\/www.caririemacao.com\/1\/wp-json\/wp\/v2\/tags?post=98930"}],"curies":[{"name":"wp","href":"https:\/\/api.w.org\/{rel}","templated":true}]}}