{"id":98939,"date":"2019-06-09T08:27:05","date_gmt":"2019-06-09T11:27:05","guid":{"rendered":"http:\/\/www.caririemacao.com\/1\/?p=98939"},"modified":"2019-06-09T08:27:05","modified_gmt":"2019-06-09T11:27:05","slug":"homem-perde-controle-de-veiculo-e-colide-em-muro-de-residencia-em-monteiro","status":"publish","type":"post","link":"https:\/\/www.caririemacao.com\/1\/2019\/06\/09\/homem-perde-controle-de-veiculo-e-colide-em-muro-de-residencia-em-monteiro\/","title":{"rendered":"Homem perde controle de ve\u00edculo e colide em muro de resid\u00eancia em Monteiro"},"content":{"rendered":"\n<p>No final da tarde deste s\u00e1bado (08), um ve\u00edculo modelo Fiorino colidiu em muro de uma resid\u00eancia na rua&nbsp;Epaminondas&nbsp;de Azevedo em Monteiro no cariri.<\/p>\n\n\n\n<p>De acordo com informa\u00e7\u00f5es o condutor seguia pela rua, quando o acelerador do carro enganchou e colidiu no muro, ningu\u00e9m se machucou, s\u00f3 bens materiais.<\/p>\n\n\n\n<p><strong>HORA1PB<\/strong><\/p>\n\n\n\n<div class=\"wp-block-image\"><figure class=\"aligncenter\"><img decoding=\"async\" data-src=\"http:\/\/hora1pb.com.br\/wp-content\/uploads\/2019\/06\/5751300D-CF02-41E0-87B9-5C9E0B420E43.jpeg\" alt=\"\" class=\"wp-image-14485 lazyload\" src=\"data:image\/svg+xml;base64,PHN2ZyB3aWR0aD0iMSIgaGVpZ2h0PSIxIiB4bWxucz0iaHR0cDovL3d3dy53My5vcmcvMjAwMC9zdmciPjwvc3ZnPg==\" \/><\/figure><\/div>\n\n\n\n<div class=\"wp-block-image\"><figure class=\"aligncenter\"><img decoding=\"async\" data-src=\"http:\/\/hora1pb.com.br\/wp-content\/uploads\/2019\/06\/EA55FFCD-FDF3-44AC-89FB-9EE684EBF211.jpeg\" alt=\"\" class=\"wp-image-14484 lazyload\" src=\"data:image\/svg+xml;base64,PHN2ZyB3aWR0aD0iMSIgaGVpZ2h0PSIxIiB4bWxucz0iaHR0cDovL3d3dy53My5vcmcvMjAwMC9zdmciPjwvc3ZnPg==\" \/><\/figure><\/div>\n","protected":false},"excerpt":{"rendered":"<p>No final da tarde deste s\u00e1bado (08), um ve\u00edculo modelo Fiorino colidiu em muro de uma resid\u00eancia na rua&nbsp;Epaminondas&nbsp;de Azevedo em Monteiro no cariri. De&hellip; <\/p>\n","protected":false},"author":1,"featured_media":98940,"comment_status":"closed","ping_status":"closed","sticky":false,"template":"","format":"standard","meta":{"sfsi_plus_gutenberg_text_before_share":"","sfsi_plus_gutenberg_show_text_before_share":"","sfsi_plus_gutenberg_icon_type":"","sfsi_plus_gutenberg_icon_alignemt":"","sfsi_plus_gutenburg_max_per_row":"","footnotes":""},"categories":[50,12],"tags":[],"class_list":["post-98939","post","type-post","status-publish","format-standard","has-post-thumbnail","hentry","category-destaque","category-policia"],"_links":{"self":[{"href":"https:\/\/www.caririemacao.com\/1\/wp-json\/wp\/v2\/posts\/98939","targetHints":{"allow":["GET"]}}],"collection":[{"href":"https:\/\/www.caririemacao.com\/1\/wp-json\/wp\/v2\/posts"}],"about":[{"href":"https:\/\/www.caririemacao.com\/1\/wp-json\/wp\/v2\/types\/post"}],"author":[{"embeddable":true,"href":"https:\/\/www.caririemacao.com\/1\/wp-json\/wp\/v2\/users\/1"}],"replies":[{"embeddable":true,"href":"https:\/\/www.caririemacao.com\/1\/wp-json\/wp\/v2\/comments?post=98939"}],"version-history":[{"count":1,"href":"https:\/\/www.caririemacao.com\/1\/wp-json\/wp\/v2\/posts\/98939\/revisions"}],"predecessor-version":[{"id":98941,"href":"https:\/\/www.caririemacao.com\/1\/wp-json\/wp\/v2\/posts\/98939\/revisions\/98941"}],"wp:featuredmedia":[{"embeddable":true,"href":"https:\/\/www.caririemacao.com\/1\/wp-json\/wp\/v2\/media\/98940"}],"wp:attachment":[{"href":"https:\/\/www.caririemacao.com\/1\/wp-json\/wp\/v2\/media?parent=98939"}],"wp:term":[{"taxonomy":"category","embeddable":true,"href":"https:\/\/www.caririemacao.com\/1\/wp-json\/wp\/v2\/categories?post=98939"},{"taxonomy":"post_tag","embeddable":true,"href":"https:\/\/www.caririemacao.com\/1\/wp-json\/wp\/v2\/tags?post=98939"}],"curies":[{"name":"wp","href":"https:\/\/api.w.org\/{rel}","templated":true}]}}