{"id":98964,"date":"2019-06-09T09:48:13","date_gmt":"2019-06-09T12:48:13","guid":{"rendered":"http:\/\/www.caririemacao.com\/1\/?p=98964"},"modified":"2019-06-09T09:48:13","modified_gmt":"2019-06-09T12:48:13","slug":"escola-municipal-de-sao-sebastiao-do-umbuzeiro-realiza-exposicao-cultural-em-comemoracao-ao-aniversario-de-60-anos-da-cidade","status":"publish","type":"post","link":"https:\/\/www.caririemacao.com\/1\/2019\/06\/09\/escola-municipal-de-sao-sebastiao-do-umbuzeiro-realiza-exposicao-cultural-em-comemoracao-ao-aniversario-de-60-anos-da-cidade\/","title":{"rendered":"Escola Municipal de S\u00e3o Sebasti\u00e3o do Umbuzeiro realiza exposi\u00e7\u00e3o cultural em comemora\u00e7\u00e3o ao anivers\u00e1rio de 60 anos da cidade"},"content":{"rendered":"\n<p>A Escola Municipal Mauro Severiano Leite, de S\u00e3o Sebasti\u00e3o do Umbuzeiro realizou nesta sexta-feira (07), diversas atividades Culturais em comemora\u00e7\u00e3o aos 60 anos de Emancipa\u00e7\u00e3o Politica do Munic\u00edpio.<br>Com o tema \u201cUm povo sem Conhecimento da sua Hist\u00f3ria, Origem e Cultura \u00e9 como uma Arvore sem Ra\u00edzes\u201d. Os alunos, professores e Dire\u00e7\u00e3o,&nbsp;&nbsp;fizeram um trabalho de Pesquisas, com a Hist\u00f3ria local e suas ra\u00edzes, os resultados&nbsp;&nbsp;foram exposto hoje no P\u00e1tio da Escola,&nbsp;&nbsp;foi um mergulho na Hist\u00f3ria de S\u00e3o Sebasti\u00e3o do Umbuzeiro.&nbsp;<br><\/p>\n\n\n\n<figure class=\"wp-block-image\"><a href=\"http:\/\/www.blogdodidi.com.br\/wp-content\/uploads\/2019\/06\/DSC09649.jpg\"><img decoding=\"async\" data-src=\"https:\/\/lh4.googleusercontent.com\/proxy\/L0L_1_VWHPaSRF5PkzmEeFVaXGYdjEU2vXN212hJJbkQYjCXo9yMZR7SX7TJgRAicMsTS7qMoZ4fg2dggIwd_ugb7deHtjyI8xobCHXr5TowJuGYKOBb7A=s0-d\" alt=\"\" src=\"data:image\/svg+xml;base64,PHN2ZyB3aWR0aD0iMSIgaGVpZ2h0PSIxIiB4bWxucz0iaHR0cDovL3d3dy53My5vcmcvMjAwMC9zdmciPjwvc3ZnPg==\" class=\"lazyload\" \/><\/a><\/figure>\n\n\n\n<p>O objetivo foi aprimorar e dar mais din\u00e2mica ao processo de ensino buscando oferecer aos alunos uma aprendizagem viva e contextualizada integrando os fatos hist\u00f3ricos do munic\u00edpio ao cotidiano dos alunos.&nbsp;<br><strong>COM BLOG DO DIDI<\/strong><br><\/p>\n","protected":false},"excerpt":{"rendered":"<p>A Escola Municipal Mauro Severiano Leite, de S\u00e3o Sebasti\u00e3o do Umbuzeiro realizou nesta sexta-feira (07), diversas atividades Culturais em comemora\u00e7\u00e3o aos 60 anos de Emancipa\u00e7\u00e3o&hellip; <\/p>\n","protected":false},"author":1,"featured_media":98965,"comment_status":"closed","ping_status":"closed","sticky":false,"template":"","format":"standard","meta":{"sfsi_plus_gutenberg_text_before_share":"","sfsi_plus_gutenberg_show_text_before_share":"","sfsi_plus_gutenberg_icon_type":"","sfsi_plus_gutenberg_icon_alignemt":"","sfsi_plus_gutenburg_max_per_row":"","footnotes":""},"categories":[6],"tags":[],"class_list":["post-98964","post","type-post","status-publish","format-standard","has-post-thumbnail","hentry","category-cidades"],"_links":{"self":[{"href":"https:\/\/www.caririemacao.com\/1\/wp-json\/wp\/v2\/posts\/98964","targetHints":{"allow":["GET"]}}],"collection":[{"href":"https:\/\/www.caririemacao.com\/1\/wp-json\/wp\/v2\/posts"}],"about":[{"href":"https:\/\/www.caririemacao.com\/1\/wp-json\/wp\/v2\/types\/post"}],"author":[{"embeddable":true,"href":"https:\/\/www.caririemacao.com\/1\/wp-json\/wp\/v2\/users\/1"}],"replies":[{"embeddable":true,"href":"https:\/\/www.caririemacao.com\/1\/wp-json\/wp\/v2\/comments?post=98964"}],"version-history":[{"count":1,"href":"https:\/\/www.caririemacao.com\/1\/wp-json\/wp\/v2\/posts\/98964\/revisions"}],"predecessor-version":[{"id":98966,"href":"https:\/\/www.caririemacao.com\/1\/wp-json\/wp\/v2\/posts\/98964\/revisions\/98966"}],"wp:featuredmedia":[{"embeddable":true,"href":"https:\/\/www.caririemacao.com\/1\/wp-json\/wp\/v2\/media\/98965"}],"wp:attachment":[{"href":"https:\/\/www.caririemacao.com\/1\/wp-json\/wp\/v2\/media?parent=98964"}],"wp:term":[{"taxonomy":"category","embeddable":true,"href":"https:\/\/www.caririemacao.com\/1\/wp-json\/wp\/v2\/categories?post=98964"},{"taxonomy":"post_tag","embeddable":true,"href":"https:\/\/www.caririemacao.com\/1\/wp-json\/wp\/v2\/tags?post=98964"}],"curies":[{"name":"wp","href":"https:\/\/api.w.org\/{rel}","templated":true}]}}