{"id":98971,"date":"2019-06-09T09:53:04","date_gmt":"2019-06-09T12:53:04","guid":{"rendered":"http:\/\/www.caririemacao.com\/1\/?p=98971"},"modified":"2019-06-09T09:53:04","modified_gmt":"2019-06-09T12:53:04","slug":"entrando-no-clima-sao-joao-de-monteiro-ganha-divulgacao-no-aeroporto-de-joao-pessoa","status":"publish","type":"post","link":"https:\/\/www.caririemacao.com\/1\/2019\/06\/09\/entrando-no-clima-sao-joao-de-monteiro-ganha-divulgacao-no-aeroporto-de-joao-pessoa\/","title":{"rendered":"Entrando no clima: S\u00e3o Jo\u00e3o de Monteiro ganha divulga\u00e7\u00e3o no aeroporto de Jo\u00e3o Pessoa"},"content":{"rendered":"\n<figure class=\"wp-block-image\"><img fetchpriority=\"high\" decoding=\"async\" width=\"269\" height=\"187\" src=\"http:\/\/www.caririemacao.com\/1\/wp-content\/uploads\/2019\/06\/download.jpeg\" alt=\"\" class=\"wp-image-98973\"\/><\/figure>\n\n\n\n<p>O S\u00e3o Jo\u00e3o de Monteiro come\u00e7ou ser divulgado em pontos estrat\u00e9gico do Aeroporto Internacional Presidente Castro Pinto, na regi\u00e3o Metropolitana de Jo\u00e3o Pessoa. A\u00e7\u00e3o de divulga\u00e7\u00e3o visa aproveitar o fluxo de turistas no principal aeroporto da Para\u00edba.\u00a0O S\u00e3o Jo\u00e3o de Monteiro, \u201ccidade do forr\u00f3\u201d acontece entre os dias 21 e 25 de junho, com shows de Wesley Safad\u00e3o, Solange Almeida, M\u00e1rcia Felipe e outros artistas. Al\u00e9m da programa\u00e7\u00e3o de shows, o evento conta com festival de quadrilhas juninas, cavalgada, pedal, casamento comunit\u00e1rio e trios de forr\u00f3 p\u00e9 de serra que se apresentam no s\u00edtio S\u00e3o Francisco.\u00a0<\/p>\n\n\n\n<div class=\"wp-block-image\"><figure class=\"aligncenter\"><img decoding=\"async\" data-src=\"http:\/\/www.blogdobrunolira.com.br\/wp-content\/uploads\/2019\/06\/384x337xmonteiro-1.jpg.pagespeed.ic.2nqSiNTwg4.webp\" alt=\"\" class=\"wp-image-12389 lazyload\" src=\"data:image\/svg+xml;base64,PHN2ZyB3aWR0aD0iMSIgaGVpZ2h0PSIxIiB4bWxucz0iaHR0cDovL3d3dy53My5vcmcvMjAwMC9zdmciPjwvc3ZnPg==\" \/><\/figure><\/div>\n\n\n\n<p>\u00a0A comunica\u00e7\u00e3o do S\u00e3o Jo\u00e3o de Monteiro est\u00e1 sendo feita pela ag\u00eancia de comunica\u00e7\u00e3o \u2018Sala 10\u2019, com norral em solu\u00e7\u00f5es criativas em comunica\u00e7\u00e3o.<\/p>\n\n\n\n<p>Blog do Bruno Lira<\/p>\n","protected":false},"excerpt":{"rendered":"<p>O S\u00e3o Jo\u00e3o de Monteiro come\u00e7ou ser divulgado em pontos estrat\u00e9gico do Aeroporto Internacional Presidente Castro Pinto, na regi\u00e3o Metropolitana de Jo\u00e3o Pessoa. A\u00e7\u00e3o de&hellip; <\/p>\n","protected":false},"author":1,"featured_media":98972,"comment_status":"closed","ping_status":"closed","sticky":false,"template":"","format":"standard","meta":{"sfsi_plus_gutenberg_text_before_share":"","sfsi_plus_gutenberg_show_text_before_share":"","sfsi_plus_gutenberg_icon_type":"","sfsi_plus_gutenberg_icon_alignemt":"","sfsi_plus_gutenburg_max_per_row":"","footnotes":""},"categories":[6,50],"tags":[],"class_list":["post-98971","post","type-post","status-publish","format-standard","has-post-thumbnail","hentry","category-cidades","category-destaque"],"_links":{"self":[{"href":"https:\/\/www.caririemacao.com\/1\/wp-json\/wp\/v2\/posts\/98971","targetHints":{"allow":["GET"]}}],"collection":[{"href":"https:\/\/www.caririemacao.com\/1\/wp-json\/wp\/v2\/posts"}],"about":[{"href":"https:\/\/www.caririemacao.com\/1\/wp-json\/wp\/v2\/types\/post"}],"author":[{"embeddable":true,"href":"https:\/\/www.caririemacao.com\/1\/wp-json\/wp\/v2\/users\/1"}],"replies":[{"embeddable":true,"href":"https:\/\/www.caririemacao.com\/1\/wp-json\/wp\/v2\/comments?post=98971"}],"version-history":[{"count":1,"href":"https:\/\/www.caririemacao.com\/1\/wp-json\/wp\/v2\/posts\/98971\/revisions"}],"predecessor-version":[{"id":98974,"href":"https:\/\/www.caririemacao.com\/1\/wp-json\/wp\/v2\/posts\/98971\/revisions\/98974"}],"wp:featuredmedia":[{"embeddable":true,"href":"https:\/\/www.caririemacao.com\/1\/wp-json\/wp\/v2\/media\/98972"}],"wp:attachment":[{"href":"https:\/\/www.caririemacao.com\/1\/wp-json\/wp\/v2\/media?parent=98971"}],"wp:term":[{"taxonomy":"category","embeddable":true,"href":"https:\/\/www.caririemacao.com\/1\/wp-json\/wp\/v2\/categories?post=98971"},{"taxonomy":"post_tag","embeddable":true,"href":"https:\/\/www.caririemacao.com\/1\/wp-json\/wp\/v2\/tags?post=98971"}],"curies":[{"name":"wp","href":"https:\/\/api.w.org\/{rel}","templated":true}]}}