{"id":98992,"date":"2019-06-09T15:13:45","date_gmt":"2019-06-09T18:13:45","guid":{"rendered":"http:\/\/www.caririemacao.com\/1\/?p=98992"},"modified":"2019-06-09T15:21:17","modified_gmt":"2019-06-09T18:21:17","slug":"%ef%bb%bfsao-sebastiao-do-umbuzeiro-comemora-60-anos-em-grande-estilo-veja-toda-cobertura","status":"publish","type":"post","link":"https:\/\/www.caririemacao.com\/1\/2019\/06\/09\/%ef%bb%bfsao-sebastiao-do-umbuzeiro-comemora-60-anos-em-grande-estilo-veja-toda-cobertura\/","title":{"rendered":"\ufeffS\u00e3o Sebasti\u00e3o do Umbuzeiro comemora 60 anos em grande estilo; Veja toda cobertura"},"content":{"rendered":"\n<p>Missa, hasteamento de bandeiras, inaugura\u00e7\u00f5es, exposi\u00e7\u00f5es, atividades esportivas e culturais, entrega de t\u00edtulos de cidadania e shows musicais fizeram parte da programa\u00e7\u00e3o dos 60 anos de emancipa\u00e7\u00e3o pol\u00edtica de S\u00e3o Sebasti\u00e3o do Umbuzeiro, localizado na regi\u00e3o do Cariri Paraibano.<\/p>\n\n\n\n<figure class=\"wp-block-image\"><img fetchpriority=\"high\" decoding=\"async\" width=\"1024\" height=\"683\" src=\"http:\/\/www.caririemacao.com\/1\/wp-content\/uploads\/2019\/06\/MISSA-16-1024x683.jpg\" alt=\"\" class=\"wp-image-99000\" srcset=\"https:\/\/www.caririemacao.com\/1\/wp-content\/uploads\/2019\/06\/MISSA-16-1024x683.jpg 1024w, https:\/\/www.caririemacao.com\/1\/wp-content\/uploads\/2019\/06\/MISSA-16-300x200.jpg 300w, https:\/\/www.caririemacao.com\/1\/wp-content\/uploads\/2019\/06\/MISSA-16-768x512.jpg 768w\" sizes=\"(max-width: 1024px) 100vw, 1024px\" \/><\/figure>\n\n\n\n<p>O anivers\u00e1rio de 60 anos de emancipa\u00e7\u00e3o pol\u00edtica do munic\u00edpio de S\u00e3o Sebasti\u00e3o do Umbuzeiro comemorado, neste s\u00e1bado (8), foi iniciado com celebra\u00e7\u00e3o de missa de a\u00e7\u00e3o de gra\u00e7as, concelebrada pelos padres Marcos Sousa (atual p\u00e1roco) e Jo\u00e3o Jorge Rietveld, ex-p\u00e1roco da cidade. <\/p>\n\n\n\n<figure class=\"wp-block-image\"><img decoding=\"async\" width=\"1024\" height=\"683\" data-src=\"http:\/\/www.caririemacao.com\/1\/wp-content\/uploads\/2019\/06\/MISSA-46-1024x683.jpg\" alt=\"\" class=\"wp-image-99001 lazyload\" data-srcset=\"https:\/\/www.caririemacao.com\/1\/wp-content\/uploads\/2019\/06\/MISSA-46-1024x683.jpg 1024w, https:\/\/www.caririemacao.com\/1\/wp-content\/uploads\/2019\/06\/MISSA-46-300x200.jpg 300w, https:\/\/www.caririemacao.com\/1\/wp-content\/uploads\/2019\/06\/MISSA-46-768x512.jpg 768w\" data-sizes=\"(max-width: 1024px) 100vw, 1024px\" src=\"data:image\/svg+xml;base64,PHN2ZyB3aWR0aD0iMSIgaGVpZ2h0PSIxIiB4bWxucz0iaHR0cDovL3d3dy53My5vcmcvMjAwMC9zdmciPjwvc3ZnPg==\" style=\"--smush-placeholder-width: 1024px; --smush-placeholder-aspect-ratio: 1024\/683;\" \/><\/figure>\n\n\n\n<p>O prefeito Adriano Wolf, o vice-prefeito Chico Mariano, vereadores, assessores municipais compareceram \u00e0 celebra\u00e7\u00e3o. No final, o prefeito aproveitou para parabenizar toda popula\u00e7\u00e3o pelo anivers\u00e1rio da cidade. <\/p>\n\n\n\n<figure class=\"wp-block-image\"><img decoding=\"async\" width=\"1024\" height=\"682\" data-src=\"http:\/\/www.caririemacao.com\/1\/wp-content\/uploads\/2019\/06\/HASTEAMENTO-DAS-BANDEIRAS-45-1024x682.jpg\" alt=\"\" class=\"wp-image-99002 lazyload\" data-srcset=\"https:\/\/www.caririemacao.com\/1\/wp-content\/uploads\/2019\/06\/HASTEAMENTO-DAS-BANDEIRAS-45-1024x682.jpg 1024w, https:\/\/www.caririemacao.com\/1\/wp-content\/uploads\/2019\/06\/HASTEAMENTO-DAS-BANDEIRAS-45-300x200.jpg 300w, https:\/\/www.caririemacao.com\/1\/wp-content\/uploads\/2019\/06\/HASTEAMENTO-DAS-BANDEIRAS-45-768x512.jpg 768w, https:\/\/www.caririemacao.com\/1\/wp-content\/uploads\/2019\/06\/HASTEAMENTO-DAS-BANDEIRAS-45.jpg 1280w\" data-sizes=\"(max-width: 1024px) 100vw, 1024px\" src=\"data:image\/svg+xml;base64,PHN2ZyB3aWR0aD0iMSIgaGVpZ2h0PSIxIiB4bWxucz0iaHR0cDovL3d3dy53My5vcmcvMjAwMC9zdmciPjwvc3ZnPg==\" style=\"--smush-placeholder-width: 1024px; --smush-placeholder-aspect-ratio: 1024\/682;\" \/><\/figure>\n\n\n\n<p>Em seguida, aconteceu a solenidade de hasteamento dos pavilh\u00f5es oficiais, na C\u00e2mara Municipal e em frente a Prefeitura Municipal. Na ocasi\u00e3o discursaram o presidente da C\u00e2mara Municipal de S\u00e3o Sebasti\u00e3o do Umbuzeiro, o prefeito Adriano e demais autoridades presentes. Logo ap\u00f3s, houve uma lida apresenta\u00e7\u00e3o cultural.<\/p>\n\n\n\n<p>Ainda na programa\u00e7\u00e3o foi inaugurada a pavimenta\u00e7\u00e3o de duas ruas e entregue pelo prefeito Adriano, em solenidade realizada nestas localidades. <\/p>\n\n\n\n<figure class=\"wp-block-image\"><img decoding=\"async\" width=\"1024\" height=\"682\" data-src=\"http:\/\/www.caririemacao.com\/1\/wp-content\/uploads\/2019\/06\/DSC_0009-1-1024x682.jpg\" alt=\"\" class=\"wp-image-99004 lazyload\" data-srcset=\"https:\/\/www.caririemacao.com\/1\/wp-content\/uploads\/2019\/06\/DSC_0009-1-1024x682.jpg 1024w, https:\/\/www.caririemacao.com\/1\/wp-content\/uploads\/2019\/06\/DSC_0009-1-300x200.jpg 300w, https:\/\/www.caririemacao.com\/1\/wp-content\/uploads\/2019\/06\/DSC_0009-1-768x512.jpg 768w, https:\/\/www.caririemacao.com\/1\/wp-content\/uploads\/2019\/06\/DSC_0009-1.jpg 1280w\" data-sizes=\"(max-width: 1024px) 100vw, 1024px\" src=\"data:image\/svg+xml;base64,PHN2ZyB3aWR0aD0iMSIgaGVpZ2h0PSIxIiB4bWxucz0iaHR0cDovL3d3dy53My5vcmcvMjAwMC9zdmciPjwvc3ZnPg==\" style=\"--smush-placeholder-width: 1024px; --smush-placeholder-aspect-ratio: 1024\/682;\" \/><\/figure>\n\n\n\n<p>No decorrer da programa\u00e7\u00e3o, ainda pela manh\u00e3, ocorreu a corrida de 100m, maratona, corrida de mountain bike com participa\u00e7\u00e3o de atletas de v\u00e1rios estados.<\/p>\n\n\n\n<figure class=\"wp-block-image\"><img decoding=\"async\" width=\"1024\" height=\"682\" data-src=\"http:\/\/www.caririemacao.com\/1\/wp-content\/uploads\/2019\/06\/IMG_4697-1024x682.jpg\" alt=\"\" class=\"wp-image-99005 lazyload\" data-srcset=\"https:\/\/www.caririemacao.com\/1\/wp-content\/uploads\/2019\/06\/IMG_4697-1024x682.jpg 1024w, https:\/\/www.caririemacao.com\/1\/wp-content\/uploads\/2019\/06\/IMG_4697-300x200.jpg 300w, https:\/\/www.caririemacao.com\/1\/wp-content\/uploads\/2019\/06\/IMG_4697-768x512.jpg 768w, https:\/\/www.caririemacao.com\/1\/wp-content\/uploads\/2019\/06\/IMG_4697.jpg 1280w\" data-sizes=\"(max-width: 1024px) 100vw, 1024px\" src=\"data:image\/svg+xml;base64,PHN2ZyB3aWR0aD0iMSIgaGVpZ2h0PSIxIiB4bWxucz0iaHR0cDovL3d3dy53My5vcmcvMjAwMC9zdmciPjwvc3ZnPg==\" style=\"--smush-placeholder-width: 1024px; --smush-placeholder-aspect-ratio: 1024\/682;\" \/><\/figure>\n\n\n\n<p>No per\u00edodo da tarde, foi realizado o IV encontro de bandas com a participa\u00e7\u00e3o de quase 20 bandas e fanfarras dos estados da Para\u00edba, Pernambuco e Rio Grande do Norte.<\/p>\n\n\n\n<figure class=\"wp-block-image\"><img decoding=\"async\" width=\"1024\" height=\"682\" data-src=\"http:\/\/www.caririemacao.com\/1\/wp-content\/uploads\/2019\/06\/DSC_0191-1024x682.jpg\" alt=\"\" class=\"wp-image-99006 lazyload\" data-srcset=\"https:\/\/www.caririemacao.com\/1\/wp-content\/uploads\/2019\/06\/DSC_0191-1024x682.jpg 1024w, https:\/\/www.caririemacao.com\/1\/wp-content\/uploads\/2019\/06\/DSC_0191-300x200.jpg 300w, https:\/\/www.caririemacao.com\/1\/wp-content\/uploads\/2019\/06\/DSC_0191-768x512.jpg 768w, https:\/\/www.caririemacao.com\/1\/wp-content\/uploads\/2019\/06\/DSC_0191.jpg 1280w\" data-sizes=\"(max-width: 1024px) 100vw, 1024px\" src=\"data:image\/svg+xml;base64,PHN2ZyB3aWR0aD0iMSIgaGVpZ2h0PSIxIiB4bWxucz0iaHR0cDovL3d3dy53My5vcmcvMjAwMC9zdmciPjwvc3ZnPg==\" style=\"--smush-placeholder-width: 1024px; --smush-placeholder-aspect-ratio: 1024\/682;\" \/><\/figure>\n\n\n\n<p>J\u00e1 no in\u00edcio da noite, na C\u00e2mara Municipal, foi promovida uma Sess\u00e3o Solene para entrega de T\u00edtulos de Cidadania e a Medalha de Honra ao M\u00e9rito \u201cIn\u00e1cio Monteiro de Sousa\u201d e a Comenda ao M\u00e9rito \u201cMalaquias Batista Filho\u201d \u00e0 v\u00e1rias pessoas que contribu\u00edram com seus relevantes servi\u00e7os \u00e0 cidade de S\u00e3o Sebasti\u00e3o do Umbuzeiro.<\/p>\n\n\n\n<figure class=\"wp-block-image\"><img decoding=\"async\" width=\"1024\" height=\"682\" data-src=\"http:\/\/www.caririemacao.com\/1\/wp-content\/uploads\/2019\/06\/festa-01-44-1024x682.jpg\" alt=\"\" class=\"wp-image-99007 lazyload\" data-srcset=\"https:\/\/www.caririemacao.com\/1\/wp-content\/uploads\/2019\/06\/festa-01-44-1024x682.jpg 1024w, https:\/\/www.caririemacao.com\/1\/wp-content\/uploads\/2019\/06\/festa-01-44-300x200.jpg 300w, https:\/\/www.caririemacao.com\/1\/wp-content\/uploads\/2019\/06\/festa-01-44-768x512.jpg 768w, https:\/\/www.caririemacao.com\/1\/wp-content\/uploads\/2019\/06\/festa-01-44.jpg 1280w\" data-sizes=\"(max-width: 1024px) 100vw, 1024px\" src=\"data:image\/svg+xml;base64,PHN2ZyB3aWR0aD0iMSIgaGVpZ2h0PSIxIiB4bWxucz0iaHR0cDovL3d3dy53My5vcmcvMjAwMC9zdmciPjwvc3ZnPg==\" style=\"--smush-placeholder-width: 1024px; --smush-placeholder-aspect-ratio: 1024\/682;\" \/><\/figure>\n\n\n\n<p>E para encerrar o dia do anivers\u00e1rio dos 60 anos da cidade, a Prefeitura Municipal organizou grandes shows em pra\u00e7a p\u00fablica com Conde do Forr\u00f3 e Cezinha atrevido.<\/p>\n\n\n\n<figure class=\"wp-block-image\"><img decoding=\"async\" width=\"1024\" height=\"682\" data-src=\"http:\/\/www.caririemacao.com\/1\/wp-content\/uploads\/2019\/06\/festa-01-14-1024x682.jpg\" alt=\"\" class=\"wp-image-99008 lazyload\" data-srcset=\"https:\/\/www.caririemacao.com\/1\/wp-content\/uploads\/2019\/06\/festa-01-14-1024x682.jpg 1024w, https:\/\/www.caririemacao.com\/1\/wp-content\/uploads\/2019\/06\/festa-01-14-300x200.jpg 300w, https:\/\/www.caririemacao.com\/1\/wp-content\/uploads\/2019\/06\/festa-01-14-768x512.jpg 768w, https:\/\/www.caririemacao.com\/1\/wp-content\/uploads\/2019\/06\/festa-01-14.jpg 1280w\" data-sizes=\"(max-width: 1024px) 100vw, 1024px\" src=\"data:image\/svg+xml;base64,PHN2ZyB3aWR0aD0iMSIgaGVpZ2h0PSIxIiB4bWxucz0iaHR0cDovL3d3dy53My5vcmcvMjAwMC9zdmciPjwvc3ZnPg==\" style=\"--smush-placeholder-width: 1024px; --smush-placeholder-aspect-ratio: 1024\/682;\" \/><\/figure>\n\n\n\n<p><strong>VEJA ABAIXO TODA COBERTURA COM O APOIO DA CPNET &#8211; PROVEDOR DE INTERNET. <\/strong><\/p>\n\n\n\n<p><strong>BASTA CLICAR NO LINK.<\/strong><\/p>\n\n\n\n<p><a href=\"https:\/\/www.facebook.com\/pg\/CaririEmAcao\/photos\/?tab=album&amp;album_id=1567166200086064\"> FOTOS DA MISSA SOLENE <\/a><\/p>\n\n\n\n<p><a href=\"https:\/\/www.facebook.com\/pg\/CaririEmAcao\/photos\/?tab=album&amp;album_id=1567168190085865\">FOTOS DO HASTEAMENTO DAS BANDEIRAS (C\u00c2MARA E PREFEITURA) <\/a><\/p>\n\n\n\n<p><a href=\"https:\/\/www.facebook.com\/pg\/CaririEmAcao\/photos\/?tab=album&amp;album_id=1567169513419066\"> FOTOS DA INAUGURA\u00c7\u00c3O DAS RUAS <\/a><\/p>\n\n\n\n<p><a href=\"https:\/\/www.facebook.com\/pg\/CaririEmAcao\/photos\/?tab=album&amp;album_id=1567170736752277\">FOTOS DAS CORRIDAS<\/a><\/p>\n\n\n\n<p><a href=\"https:\/\/www.facebook.com\/pg\/CaririEmAcao\/photos\/?tab=album&amp;album_id=1567171853418832\">FOTOS DO ENCONTRO DE BANDAS E FANFARRAS <\/a><\/p>\n\n\n\n<p><a href=\"https:\/\/www.facebook.com\/pg\/CaririEmAcao\/photos\/?tab=album&amp;album_id=1567173810085303\">FOTOS DA SESS\u00c3O SOLENE NA C\u00c2MARA MUNICIPAL<\/a><\/p>\n\n\n\n<p><a href=\"https:\/\/www.facebook.com\/pg\/CaririEmAcao\/photos\/?tab=album&amp;album_id=1567175113418506\">FOTOS DOS SHOWS MUSICAIS <\/a><\/p>\n","protected":false},"excerpt":{"rendered":"<p>Missa, hasteamento de bandeiras, inaugura\u00e7\u00f5es, exposi\u00e7\u00f5es, atividades esportivas e culturais, entrega de t\u00edtulos de cidadania e shows musicais fizeram parte da programa\u00e7\u00e3o dos 60 anos&hellip; <\/p>\n","protected":false},"author":2,"featured_media":98999,"comment_status":"closed","ping_status":"closed","sticky":false,"template":"","format":"standard","meta":{"sfsi_plus_gutenberg_text_before_share":"","sfsi_plus_gutenberg_show_text_before_share":"","sfsi_plus_gutenberg_icon_type":"","sfsi_plus_gutenberg_icon_alignemt":"","sfsi_plus_gutenburg_max_per_row":"","footnotes":""},"categories":[6,50],"tags":[],"class_list":["post-98992","post","type-post","status-publish","format-standard","has-post-thumbnail","hentry","category-cidades","category-destaque"],"_links":{"self":[{"href":"https:\/\/www.caririemacao.com\/1\/wp-json\/wp\/v2\/posts\/98992","targetHints":{"allow":["GET"]}}],"collection":[{"href":"https:\/\/www.caririemacao.com\/1\/wp-json\/wp\/v2\/posts"}],"about":[{"href":"https:\/\/www.caririemacao.com\/1\/wp-json\/wp\/v2\/types\/post"}],"author":[{"embeddable":true,"href":"https:\/\/www.caririemacao.com\/1\/wp-json\/wp\/v2\/users\/2"}],"replies":[{"embeddable":true,"href":"https:\/\/www.caririemacao.com\/1\/wp-json\/wp\/v2\/comments?post=98992"}],"version-history":[{"count":6,"href":"https:\/\/www.caririemacao.com\/1\/wp-json\/wp\/v2\/posts\/98992\/revisions"}],"predecessor-version":[{"id":99027,"href":"https:\/\/www.caririemacao.com\/1\/wp-json\/wp\/v2\/posts\/98992\/revisions\/99027"}],"wp:featuredmedia":[{"embeddable":true,"href":"https:\/\/www.caririemacao.com\/1\/wp-json\/wp\/v2\/media\/98999"}],"wp:attachment":[{"href":"https:\/\/www.caririemacao.com\/1\/wp-json\/wp\/v2\/media?parent=98992"}],"wp:term":[{"taxonomy":"category","embeddable":true,"href":"https:\/\/www.caririemacao.com\/1\/wp-json\/wp\/v2\/categories?post=98992"},{"taxonomy":"post_tag","embeddable":true,"href":"https:\/\/www.caririemacao.com\/1\/wp-json\/wp\/v2\/tags?post=98992"}],"curies":[{"name":"wp","href":"https:\/\/api.w.org\/{rel}","templated":true}]}}