{"id":98993,"date":"2019-06-09T15:02:24","date_gmt":"2019-06-09T18:02:24","guid":{"rendered":"http:\/\/www.caririemacao.com\/1\/?p=98993"},"modified":"2019-06-09T15:02:24","modified_gmt":"2019-06-09T18:02:24","slug":"juraci-conrado-sera-empossado-na-secretaria-de-infraestrutura-de-monteiro-nesta-segunda-feira","status":"publish","type":"post","link":"https:\/\/www.caririemacao.com\/1\/2019\/06\/09\/juraci-conrado-sera-empossado-na-secretaria-de-infraestrutura-de-monteiro-nesta-segunda-feira\/","title":{"rendered":"Juraci Conrado ser\u00e1 empossado na Secretaria de Infraestrutura de Monteiro nesta segunda-feira"},"content":{"rendered":"\n<p>A Prefeita de Monteiro, Anna Lorena, empossar\u00e1 nesta segunda-feira (10), o novo Secret\u00e1rio de Infraestrutura do munic\u00edpio, Juraci Conrado. A posse est\u00e1 marcada para as 10h, no gabinete da prefeita.<\/p>\n\n\n\n<p>A Secretaria de Infraestrutura vinha sendo ocupada interinamente pelo secret\u00e1rio de Esportes, Rostand Chaves, que acumulava as duas pastas.<\/p>\n\n\n\n<p>Juraci Conrado foi vereador no per\u00edodo de 2009 a 2012, e disputou o cargo de prefeito de Monteiro nas elei\u00e7\u00f5es de 2012 e 2016.<\/p>\n","protected":false},"excerpt":{"rendered":"<p>A Prefeita de Monteiro, Anna Lorena, empossar\u00e1 nesta segunda-feira (10), o novo Secret\u00e1rio de Infraestrutura do munic\u00edpio, Juraci Conrado. A posse est\u00e1 marcada para as&hellip; <\/p>\n","protected":false},"author":1,"featured_media":98994,"comment_status":"closed","ping_status":"closed","sticky":false,"template":"","format":"standard","meta":{"sfsi_plus_gutenberg_text_before_share":"","sfsi_plus_gutenberg_show_text_before_share":"","sfsi_plus_gutenberg_icon_type":"","sfsi_plus_gutenberg_icon_alignemt":"","sfsi_plus_gutenburg_max_per_row":"","footnotes":""},"categories":[6],"tags":[],"class_list":["post-98993","post","type-post","status-publish","format-standard","has-post-thumbnail","hentry","category-cidades"],"_links":{"self":[{"href":"https:\/\/www.caririemacao.com\/1\/wp-json\/wp\/v2\/posts\/98993","targetHints":{"allow":["GET"]}}],"collection":[{"href":"https:\/\/www.caririemacao.com\/1\/wp-json\/wp\/v2\/posts"}],"about":[{"href":"https:\/\/www.caririemacao.com\/1\/wp-json\/wp\/v2\/types\/post"}],"author":[{"embeddable":true,"href":"https:\/\/www.caririemacao.com\/1\/wp-json\/wp\/v2\/users\/1"}],"replies":[{"embeddable":true,"href":"https:\/\/www.caririemacao.com\/1\/wp-json\/wp\/v2\/comments?post=98993"}],"version-history":[{"count":1,"href":"https:\/\/www.caririemacao.com\/1\/wp-json\/wp\/v2\/posts\/98993\/revisions"}],"predecessor-version":[{"id":98995,"href":"https:\/\/www.caririemacao.com\/1\/wp-json\/wp\/v2\/posts\/98993\/revisions\/98995"}],"wp:featuredmedia":[{"embeddable":true,"href":"https:\/\/www.caririemacao.com\/1\/wp-json\/wp\/v2\/media\/98994"}],"wp:attachment":[{"href":"https:\/\/www.caririemacao.com\/1\/wp-json\/wp\/v2\/media?parent=98993"}],"wp:term":[{"taxonomy":"category","embeddable":true,"href":"https:\/\/www.caririemacao.com\/1\/wp-json\/wp\/v2\/categories?post=98993"},{"taxonomy":"post_tag","embeddable":true,"href":"https:\/\/www.caririemacao.com\/1\/wp-json\/wp\/v2\/tags?post=98993"}],"curies":[{"name":"wp","href":"https:\/\/api.w.org\/{rel}","templated":true}]}}