{"id":98998,"date":"2019-06-09T15:10:34","date_gmt":"2019-06-09T18:10:34","guid":{"rendered":"http:\/\/www.caririemacao.com\/1\/?p=98998"},"modified":"2019-06-09T15:10:34","modified_gmt":"2019-06-09T18:10:34","slug":"onyx-fala-em-aprovar-previdencia-em-junho-apos-encontro-com-bolsonaro-neste-domingo","status":"publish","type":"post","link":"https:\/\/www.caririemacao.com\/1\/2019\/06\/09\/onyx-fala-em-aprovar-previdencia-em-junho-apos-encontro-com-bolsonaro-neste-domingo\/","title":{"rendered":"Onyx fala em aprovar Previd\u00eancia em junho ap\u00f3s encontro com Bolsonaro neste domingo"},"content":{"rendered":"\n<p>O ministro-chefe da Casa Civil, Onyx Lorenzoni, afirmou neste domingo que o governo trabalha com a expectativa de aprovar a reforma da Previd\u00eancia na C\u00e2mara ainda em junho. Ele tamb\u00e9m disse esperar um relat\u00f3rio \u201cequilibrado\u201d do deputado Samuel Moreira (PSDB-SP), relator do projeto na Casa, que deve apresentado na comiss\u00e3o especial \u201cprovavelmente\u201d nesta ter\u00e7a-feira.<\/p>\n\n\n\n<p>\u201cSeguramente vamos ter no relat\u00f3rio pot\u00eancia fiscal com o atendimento das demandas do Parlamento, o que \u00e9 normal, para que a gente possa, se Deus quiser, ainda no m\u00eas de junho, aprovar na C\u00e2mara dos Deputados a nova Previd\u00eancia\u201d, afirmou o ministro, que esteve reunido neste domingo de manh\u00e3 com o presidente Jair Bolsonaro na Granja do Torto, uma das resid\u00eancias oficiais da Presid\u00eancia da Rep\u00fablica.<\/p>\n\n\n\n<p>Apesar do otimismo de Onyx, o relat\u00f3rio s\u00f3 deve ser apresentado depois do F\u00f3rum de Governadores, em Bras\u00edlia, que ser\u00e1 realizado na ter\u00e7a-feira. H\u00e1 um intenso debate no Congresso se os&nbsp; Estados e munic\u00edpios devem ou n\u00e3o ficar de fora das altera\u00e7\u00f5es nas aposentadorias previstas na reforma proposta pelo governo. A expectativa do relator, contudo, \u00e9 que o texto seja apresentado ainda nesta semana.<\/p>\n\n\n\n<p>Onyx tamb\u00e9m falou sobre o texto pactuado entre os tr\u00eas Poderes, que apresenta um card\u00e1pio de propostas para o pa\u00eds avalizado pelo Executivo, Legislativo e Judici\u00e1rio. Uma cerim\u00f4nia de assinatura do protocolo de inten\u00e7\u00f5es estava marcada para esta segunda-feira, mas foi adiada porque o texto, que defende as reformas previdenci\u00e1ria e tribut\u00e1ria, sofre resist\u00eancia de lideran\u00e7as dos partidos. Na vis\u00e3o do presidente da C\u00e2mara, Rodrigo Maia (DEM-RJ), a medida acabou rotulada como \u201cpauta do governo\u201d.<\/p>\n\n\n\n<p>Segundo o ministro, o presidente \u201crevisou mais de uma vez o texto\u201d, fez \u201calgumas sugest\u00f5es\u201d, e a sua chancela depende agora de uma nova conversa com Rodrigo Maia, o presidente do Senado, Davi Alcolumbre (DEM-AP), e o presidente do Supremo Tribunal Federal, ministro Dias Toffoli.<\/p>\n\n\n\n<p>\u201cAo longo do dia de hoje eu converso com o presidente Rodrigo Maia, com o presidente Davi Alcolumbre e amanh\u00e3 devo voltar a conversar com o ministro Toffoli para a gente ver se nesta semana ou na pr\u00f3xima a gente consegue fazer a assinatura do pacto\u201d, disse Onyx.<\/p>\n\n\n\n<p>O ministro explicou que o \u201cpacto entre Poderes\u201d busca construir um \u201cgrande entendimento\u201d para tirar o Brasil da crise, \u201csem haver interfer\u00eancia nenhuma de um poder no outro\u201d.<\/p>\n","protected":false},"excerpt":{"rendered":"<p>O ministro-chefe da Casa Civil, Onyx Lorenzoni, afirmou neste domingo que o governo trabalha com a expectativa de aprovar a reforma da Previd\u00eancia na C\u00e2mara&hellip; <\/p>\n","protected":false},"author":1,"featured_media":99003,"comment_status":"closed","ping_status":"closed","sticky":false,"template":"","format":"standard","meta":{"sfsi_plus_gutenberg_text_before_share":"","sfsi_plus_gutenberg_show_text_before_share":"","sfsi_plus_gutenberg_icon_type":"","sfsi_plus_gutenberg_icon_alignemt":"","sfsi_plus_gutenburg_max_per_row":"","footnotes":""},"categories":[11],"tags":[],"class_list":["post-98998","post","type-post","status-publish","format-standard","has-post-thumbnail","hentry","category-politica"],"_links":{"self":[{"href":"https:\/\/www.caririemacao.com\/1\/wp-json\/wp\/v2\/posts\/98998","targetHints":{"allow":["GET"]}}],"collection":[{"href":"https:\/\/www.caririemacao.com\/1\/wp-json\/wp\/v2\/posts"}],"about":[{"href":"https:\/\/www.caririemacao.com\/1\/wp-json\/wp\/v2\/types\/post"}],"author":[{"embeddable":true,"href":"https:\/\/www.caririemacao.com\/1\/wp-json\/wp\/v2\/users\/1"}],"replies":[{"embeddable":true,"href":"https:\/\/www.caririemacao.com\/1\/wp-json\/wp\/v2\/comments?post=98998"}],"version-history":[{"count":1,"href":"https:\/\/www.caririemacao.com\/1\/wp-json\/wp\/v2\/posts\/98998\/revisions"}],"predecessor-version":[{"id":99009,"href":"https:\/\/www.caririemacao.com\/1\/wp-json\/wp\/v2\/posts\/98998\/revisions\/99009"}],"wp:featuredmedia":[{"embeddable":true,"href":"https:\/\/www.caririemacao.com\/1\/wp-json\/wp\/v2\/media\/99003"}],"wp:attachment":[{"href":"https:\/\/www.caririemacao.com\/1\/wp-json\/wp\/v2\/media?parent=98998"}],"wp:term":[{"taxonomy":"category","embeddable":true,"href":"https:\/\/www.caririemacao.com\/1\/wp-json\/wp\/v2\/categories?post=98998"},{"taxonomy":"post_tag","embeddable":true,"href":"https:\/\/www.caririemacao.com\/1\/wp-json\/wp\/v2\/tags?post=98998"}],"curies":[{"name":"wp","href":"https:\/\/api.w.org\/{rel}","templated":true}]}}