{"id":99033,"date":"2019-06-09T15:36:45","date_gmt":"2019-06-09T18:36:45","guid":{"rendered":"http:\/\/www.caririemacao.com\/1\/?p=99033"},"modified":"2019-06-09T15:36:45","modified_gmt":"2019-06-09T18:36:45","slug":"atendimento-em-postos-de-saude-podera-ter-horario-ampliado","status":"publish","type":"post","link":"https:\/\/www.caririemacao.com\/1\/2019\/06\/09\/atendimento-em-postos-de-saude-podera-ter-horario-ampliado\/","title":{"rendered":"Atendimento em postos de sa\u00fade poder\u00e1 ter hor\u00e1rio ampliado"},"content":{"rendered":"\n<p>O Minist\u00e9rio da Sa\u00fade publica amanh\u00e3 (9) portaria que amplia\no hor\u00e1rio de atendimento de unidades b\u00e1sicas de sa\u00fade. De acordo com o ministro\nda Sa\u00fade, Luiz Henrique Mandetta, as op\u00e7\u00f5es de carga hor\u00e1ria semanal a serem\ndisponibilizadas aos chamados postos de sa\u00fade s\u00e3o 40 horas (esquema atual), 60\nhoras e 75 horas. Atualmente, a maioria das unidades funciona at\u00e9 as 17h. Com a\nmudan\u00e7a, elas poder\u00e3o atender at\u00e9 as 22h.<\/p>\n\n\n\n<p>Ainda segundo o ministro, a partir da publica\u00e7\u00e3o da\nportaria, prefeitos e secret\u00e1rios municipais de Sa\u00fade ter\u00e3o de se organizar\npara definir qual a carga hor\u00e1ria a ser adotada em cada unidade b\u00e1sica de sa\u00fade\ndo respectivo munic\u00edpio. \u201cN\u00f3s estamos dando para eles algumas coisas que eles\nnunca tiveram. Que as equipes possam ter propostas de trabalho de 40 horas, de\n60 horas e de 75 horas. Que eles organizem os hor\u00e1rios dessas equipes\u201d, disse.<\/p>\n\n\n\n<p>Outra novidade prevista na portaria, segundo Mandetta, \u00e9 a\npossibilidade de cada unidade b\u00e1sica de sa\u00fade poder contar com at\u00e9 seis equipes\nde profissionais e n\u00e3o mais tr\u00eas, como funciona atualmente. A proposta do\nminist\u00e9rio \u00e9 que os postos de sa\u00fade que aderirem \u00e0 carga hor\u00e1ria de 75 horas\nsemanais possam organizar melhor seu esquema de trabalho tendo dispon\u00edveis mais\nequipes e, em alguns casos, triplicando a verba de custeio.<\/p>\n\n\n\n<p>\u201cA gente espera, com isso, desafogar muito as UPAs [unidades\nde pronto atendimento] e emerg\u00eancias\u201d, disse o ministro, ao citar como exemplo\nmulheres que buscam atendimento m\u00e9dico para os filhos depois das 17h. \u201cParece\nque crian\u00e7a s\u00f3 piora de noite. E a\u00ed, o \u00fanico local que essa m\u00e3e tinha era uma\nUPA. \u00c0s vezes, ela atravessava a cidade. Ter at\u00e9 as 22h tamb\u00e9m pode ser um\nmomento para fazer a vacina, colocar tudo em dia, fazer o preventivo.\u201d<\/p>\n","protected":false},"excerpt":{"rendered":"<p>O Minist\u00e9rio da Sa\u00fade publica amanh\u00e3 (9) portaria que amplia o hor\u00e1rio de atendimento de unidades b\u00e1sicas de sa\u00fade. De acordo com o ministro da&hellip; <\/p>\n","protected":false},"author":2,"featured_media":83700,"comment_status":"closed","ping_status":"closed","sticky":false,"template":"","format":"standard","meta":{"sfsi_plus_gutenberg_text_before_share":"","sfsi_plus_gutenberg_show_text_before_share":"","sfsi_plus_gutenberg_icon_type":"","sfsi_plus_gutenberg_icon_alignemt":"","sfsi_plus_gutenburg_max_per_row":"","footnotes":""},"categories":[50,16],"tags":[],"class_list":["post-99033","post","type-post","status-publish","format-standard","has-post-thumbnail","hentry","category-destaque","category-saude"],"_links":{"self":[{"href":"https:\/\/www.caririemacao.com\/1\/wp-json\/wp\/v2\/posts\/99033","targetHints":{"allow":["GET"]}}],"collection":[{"href":"https:\/\/www.caririemacao.com\/1\/wp-json\/wp\/v2\/posts"}],"about":[{"href":"https:\/\/www.caririemacao.com\/1\/wp-json\/wp\/v2\/types\/post"}],"author":[{"embeddable":true,"href":"https:\/\/www.caririemacao.com\/1\/wp-json\/wp\/v2\/users\/2"}],"replies":[{"embeddable":true,"href":"https:\/\/www.caririemacao.com\/1\/wp-json\/wp\/v2\/comments?post=99033"}],"version-history":[{"count":1,"href":"https:\/\/www.caririemacao.com\/1\/wp-json\/wp\/v2\/posts\/99033\/revisions"}],"predecessor-version":[{"id":99034,"href":"https:\/\/www.caririemacao.com\/1\/wp-json\/wp\/v2\/posts\/99033\/revisions\/99034"}],"wp:featuredmedia":[{"embeddable":true,"href":"https:\/\/www.caririemacao.com\/1\/wp-json\/wp\/v2\/media\/83700"}],"wp:attachment":[{"href":"https:\/\/www.caririemacao.com\/1\/wp-json\/wp\/v2\/media?parent=99033"}],"wp:term":[{"taxonomy":"category","embeddable":true,"href":"https:\/\/www.caririemacao.com\/1\/wp-json\/wp\/v2\/categories?post=99033"},{"taxonomy":"post_tag","embeddable":true,"href":"https:\/\/www.caririemacao.com\/1\/wp-json\/wp\/v2\/tags?post=99033"}],"curies":[{"name":"wp","href":"https:\/\/api.w.org\/{rel}","templated":true}]}}