{"id":99048,"date":"2019-06-09T17:24:03","date_gmt":"2019-06-09T20:24:03","guid":{"rendered":"http:\/\/www.caririemacao.com\/1\/?p=99048"},"modified":"2019-06-09T17:24:03","modified_gmt":"2019-06-09T20:24:03","slug":"copa-cariri-de-futsal-em-partida-eletrizante-nos-minutos-finais-ponte-preta-de-sume-conquista-seu-bi-campeonato-da-competicao","status":"publish","type":"post","link":"https:\/\/www.caririemacao.com\/1\/2019\/06\/09\/copa-cariri-de-futsal-em-partida-eletrizante-nos-minutos-finais-ponte-preta-de-sume-conquista-seu-bi-campeonato-da-competicao\/","title":{"rendered":"COPA CARIRI DE FUTSAL: Em partida eletrizante nos minutos finais, Ponte preta de Sum\u00e9 conquista seu Bi- campeonato da competi\u00e7\u00e3o"},"content":{"rendered":"\n<h3 class=\"wp-block-heading\"><\/h3>\n\n\n\n<p><strong>FUTSAL AMADOR 2019A\u00a0 equipe da Ponte Preta da cidade de Sum\u00e9, \u00e9 o novo campe\u00e3o da\u00a0 copa cariri de futsal 2019. A equipe venceu o Juventude da cidade de Cabaceiras nos p\u00eanaltis e conquistou o trof\u00e9u de campe\u00e3o edi\u00e7\u00e3o 2019. O placar no tempo normal ficou em 3 a 3, e digo por sinal uma das finais mais eletrizantes nos \u00faltimos anos da copa cariri de futsal . A grande final foi realizada na cidade de Gurj\u00e3o Pb, na noite deste s\u00e1bado (08).<br>Apesar de ter conquistado o t\u00edtulo, a equipe da ponte preta\u00a0 saiu atr\u00e1s do marcador. perdendo por 3 X 0, at\u00e9 que nos minutos finais a equipe de Sum\u00e9,se superou na partida, utilizando goleiro linha e partiu para a garra e\u00a0 determina\u00e7\u00e3o e empatou a partida em 3 x 3, levando a decis\u00e3o para os penaltys, dai brilhou a estrela do goleiro\u00a0 sumeense Maykel Queiroz, defendendo 2 penatys, Vencendo pelo placar de 4 x 3, e carimbando o bi campeonato para equipe da Ponte Preta de Sum\u00e9.<br><br>veja os melhores\u00a0 da 12 edi\u00e7\u00e3o da copa cariri de futsal:<br><br>1 colocado : Ponte Preta de Sum\u00e9<br>2 colocado : Juventude de Cabaceiras<br>Artilheiro : Jeffson Verissimo da Ponte Preta e Diocl\u00e9cio Soares do juventude, ambos 12 gols marcados<br>Melhor goleiro : maykel queiroz, da Ponte Preta de sum\u00e9<br>Craque da copa : yalle leite da Ponte Preta<br><br>&#8211; &#8220;Sensa\u00e7\u00e3o de dever comprido&#8221;, agradecer a todas as equipes participantes desta edi\u00e7\u00e3o, parabenizar aos finalista pela bel\u00edssima final realizada, agradecer a cada um de vo\u00e7\u00eas que fazem a imprensa, agradecer aos Prefeito parceiros da copa cariri de futsal, Tiago Castro da cidade Cabaceiras, e Inara Marinho Prefeita de S\u00e3o Domingos do Cariri, ao Prefeito Ronaldo Queiroz da cidade de Gurj\u00e3o por ter nos disponibilizado toda estrutura necess\u00e1ria para que possamos realizar esta grande final aqui na cidade de Gurj\u00e3o, e parabenizar ao p\u00fablico maravilhoso que compareceu em massa para prestigiar a grande final desta edi\u00e7\u00e3o 2019, frisou Dami\u00e3o Lima, Coordenador da Copa.<\/strong><\/p>\n\n\n\n<p>fonte: canallbastidoresdoesporte<\/p>\n\n\n\n<p><\/p>\n","protected":false},"excerpt":{"rendered":"<p>FUTSAL AMADOR 2019A\u00a0 equipe da Ponte Preta da cidade de Sum\u00e9, \u00e9 o novo campe\u00e3o da\u00a0 copa cariri de futsal 2019. A equipe venceu o&hellip; <\/p>\n","protected":false},"author":2,"featured_media":3103,"comment_status":"closed","ping_status":"closed","sticky":false,"template":"","format":"standard","meta":{"sfsi_plus_gutenberg_text_before_share":"","sfsi_plus_gutenberg_show_text_before_share":"","sfsi_plus_gutenberg_icon_type":"","sfsi_plus_gutenberg_icon_alignemt":"","sfsi_plus_gutenburg_max_per_row":"","footnotes":""},"categories":[13],"tags":[],"class_list":["post-99048","post","type-post","status-publish","format-standard","has-post-thumbnail","hentry","category-esportes"],"_links":{"self":[{"href":"https:\/\/www.caririemacao.com\/1\/wp-json\/wp\/v2\/posts\/99048","targetHints":{"allow":["GET"]}}],"collection":[{"href":"https:\/\/www.caririemacao.com\/1\/wp-json\/wp\/v2\/posts"}],"about":[{"href":"https:\/\/www.caririemacao.com\/1\/wp-json\/wp\/v2\/types\/post"}],"author":[{"embeddable":true,"href":"https:\/\/www.caririemacao.com\/1\/wp-json\/wp\/v2\/users\/2"}],"replies":[{"embeddable":true,"href":"https:\/\/www.caririemacao.com\/1\/wp-json\/wp\/v2\/comments?post=99048"}],"version-history":[{"count":1,"href":"https:\/\/www.caririemacao.com\/1\/wp-json\/wp\/v2\/posts\/99048\/revisions"}],"predecessor-version":[{"id":99049,"href":"https:\/\/www.caririemacao.com\/1\/wp-json\/wp\/v2\/posts\/99048\/revisions\/99049"}],"wp:featuredmedia":[{"embeddable":true,"href":"https:\/\/www.caririemacao.com\/1\/wp-json\/wp\/v2\/media\/3103"}],"wp:attachment":[{"href":"https:\/\/www.caririemacao.com\/1\/wp-json\/wp\/v2\/media?parent=99048"}],"wp:term":[{"taxonomy":"category","embeddable":true,"href":"https:\/\/www.caririemacao.com\/1\/wp-json\/wp\/v2\/categories?post=99048"},{"taxonomy":"post_tag","embeddable":true,"href":"https:\/\/www.caririemacao.com\/1\/wp-json\/wp\/v2\/tags?post=99048"}],"curies":[{"name":"wp","href":"https:\/\/api.w.org\/{rel}","templated":true}]}}