{"id":99050,"date":"2019-06-09T21:11:03","date_gmt":"2019-06-10T00:11:03","guid":{"rendered":"http:\/\/www.caririemacao.com\/1\/?p=99050"},"modified":"2019-06-09T21:11:03","modified_gmt":"2019-06-10T00:11:03","slug":"veneziano-e-muito-justo-que-ney-tenha-a-oportunidade-de-voltar-ao-senado","status":"publish","type":"post","link":"https:\/\/www.caririemacao.com\/1\/2019\/06\/09\/veneziano-e-muito-justo-que-ney-tenha-a-oportunidade-de-voltar-ao-senado\/","title":{"rendered":"Veneziano: \u201c\u00c9 muito justo que Ney tenha a oportunidade de voltar ao Senado\u201d"},"content":{"rendered":"\n<p>O senador Veneziano Vital do R\u00eago (PSB) afirmou que n\u00e3o mant\u00e9m contato com o seu suplente, Ney Suassuna (PRB), h\u00e1 trinta dias por quest\u00f5es de agenda cheia e atividades do Senado. Ele destacou que sempre reconheceu a participa\u00e7\u00e3o que Ney teve em sua elei\u00e7\u00e3o e nunca teve dificuldades em fazer essa an\u00e1lise.<\/p>\n\n\n\n<p>Ao ser questionado se existe um acordo para que Ney Suassuna volte ao Senado temporariamente, Veneziano disse que j\u00e1 cedeu espa\u00e7o para suplentes enquanto vereador e deputado federal e n\u00e3o teria dificuldade de fazer o mesmo por Ney.<\/p>\n\n\n\n<p>\u201cAbri oportunidades para companheiros. Assim o fiz como vereador e como deputado federal e \u00e9 muito justo que o senador Ney tenha a oportunidade de voltar ao Senado\u201d disse.<\/p>\n\n\n\n<p>R\u00e1dio Panor\u00e2mica Fm.<\/p>\n","protected":false},"excerpt":{"rendered":"<p>O senador Veneziano Vital do R\u00eago (PSB) afirmou que n\u00e3o mant\u00e9m contato com o seu suplente, Ney Suassuna (PRB), h\u00e1 trinta dias por quest\u00f5es de&hellip; <\/p>\n","protected":false},"author":1,"featured_media":69970,"comment_status":"closed","ping_status":"closed","sticky":false,"template":"","format":"standard","meta":{"sfsi_plus_gutenberg_text_before_share":"","sfsi_plus_gutenberg_show_text_before_share":"","sfsi_plus_gutenberg_icon_type":"","sfsi_plus_gutenberg_icon_alignemt":"","sfsi_plus_gutenburg_max_per_row":"","footnotes":""},"categories":[11],"tags":[],"class_list":["post-99050","post","type-post","status-publish","format-standard","has-post-thumbnail","hentry","category-politica"],"_links":{"self":[{"href":"https:\/\/www.caririemacao.com\/1\/wp-json\/wp\/v2\/posts\/99050","targetHints":{"allow":["GET"]}}],"collection":[{"href":"https:\/\/www.caririemacao.com\/1\/wp-json\/wp\/v2\/posts"}],"about":[{"href":"https:\/\/www.caririemacao.com\/1\/wp-json\/wp\/v2\/types\/post"}],"author":[{"embeddable":true,"href":"https:\/\/www.caririemacao.com\/1\/wp-json\/wp\/v2\/users\/1"}],"replies":[{"embeddable":true,"href":"https:\/\/www.caririemacao.com\/1\/wp-json\/wp\/v2\/comments?post=99050"}],"version-history":[{"count":1,"href":"https:\/\/www.caririemacao.com\/1\/wp-json\/wp\/v2\/posts\/99050\/revisions"}],"predecessor-version":[{"id":99051,"href":"https:\/\/www.caririemacao.com\/1\/wp-json\/wp\/v2\/posts\/99050\/revisions\/99051"}],"wp:featuredmedia":[{"embeddable":true,"href":"https:\/\/www.caririemacao.com\/1\/wp-json\/wp\/v2\/media\/69970"}],"wp:attachment":[{"href":"https:\/\/www.caririemacao.com\/1\/wp-json\/wp\/v2\/media?parent=99050"}],"wp:term":[{"taxonomy":"category","embeddable":true,"href":"https:\/\/www.caririemacao.com\/1\/wp-json\/wp\/v2\/categories?post=99050"},{"taxonomy":"post_tag","embeddable":true,"href":"https:\/\/www.caririemacao.com\/1\/wp-json\/wp\/v2\/tags?post=99050"}],"curies":[{"name":"wp","href":"https:\/\/api.w.org\/{rel}","templated":true}]}}