{"id":99053,"date":"2019-06-09T21:12:57","date_gmt":"2019-06-10T00:12:57","guid":{"rendered":"http:\/\/www.caririemacao.com\/1\/?p=99053"},"modified":"2019-06-09T21:12:57","modified_gmt":"2019-06-10T00:12:57","slug":"filho-natural-da-cidade-de-cabaceiras-pb-conquista-a-copa-america-de-futebol-de-5","status":"publish","type":"post","link":"https:\/\/www.caririemacao.com\/1\/2019\/06\/09\/filho-natural-da-cidade-de-cabaceiras-pb-conquista-a-copa-america-de-futebol-de-5\/","title":{"rendered":"Filho natural da cidade de Cabaceiras PB, conquista a copa Am\u00e9rica de futebol de 5"},"content":{"rendered":"\n<p>O Atleta Dami\u00e3o Ramos, da cidade de Cabaceiras no Cariri do Estado, esteve disputando desde a \u00faltima ter\u00e7a feira (04), a Copa Am\u00e9rica de futebol de 5, e o mesmo com a Sele\u00e7\u00e3o Brasileira,\u00a0se sagrou-se, campe\u00e3o ao vencer a Sele\u00e7\u00e3o da Argentina, pelo placar de 2 x 0.<br><br>O Brasil conquistou neste domingo (9), no CT Paral\u00edmpico, em S\u00e3o Paulo, a Copa Am\u00e9rica de Futebol de 5 de 2019, ao derrotar a Argentina na decis\u00e3o, por 2 a 0. Os gols foram marcados por Nonato, o artilheiro da competi\u00e7\u00e3o. Ele balan\u00e7ou as redes nove vezes no torneio.<br><br>A conquista foi a sexta do Brasil no esporte paraol\u00edmpico. O\u00a0<br>Atleta Ricardinho alves, melhor jogador do mundo e maior goleador da modalidade, participou de quatro desses t\u00edtulos. Neste domingo, ele sofreu o p\u00eanalti que abriu o caminho para a vit\u00f3ria brasileira.<br>O t\u00edtulo da\u00a0 \u00a0Sele\u00e7\u00e3o Brasileira,\u00a0veio com uma campanha invicta. Antes da decis\u00e3o, o Brasil venceu Col\u00f4mbia (3 a 0), Peru (5 a 0), M\u00e9xico (6 a 0) e Chile (4 a 1). O \u00a0\u00fanico jogo sem vit\u00f3ria foi diante da Argentina, na primeira fase, empate sem gols.<br>Al\u00e9m de Dami\u00e3o Ramos atleta este Cabaceirense, outros integrantes da Sele\u00e7\u00e3o Brasileira de futebol de 5, s\u00e3o da Paraiba, confira a lista:<br>O T\u00e9cnico\u00a0 F\u00e1bio Lu\u00eds Vasconcelos\u00a0Bamba (auxiliar de F\u00e1bio Vasconcelos)\u00a0\u00a0Matheus Bumussa (Goleiro) .<\/p>\n","protected":false},"excerpt":{"rendered":"<p>O Atleta Dami\u00e3o Ramos, da cidade de Cabaceiras no Cariri do Estado, esteve disputando desde a \u00faltima ter\u00e7a feira (04), a Copa Am\u00e9rica de futebol&hellip; <\/p>\n","protected":false},"author":1,"featured_media":99054,"comment_status":"closed","ping_status":"closed","sticky":false,"template":"","format":"standard","meta":{"sfsi_plus_gutenberg_text_before_share":"","sfsi_plus_gutenberg_show_text_before_share":"","sfsi_plus_gutenberg_icon_type":"","sfsi_plus_gutenberg_icon_alignemt":"","sfsi_plus_gutenburg_max_per_row":"","footnotes":""},"categories":[13],"tags":[],"class_list":["post-99053","post","type-post","status-publish","format-standard","has-post-thumbnail","hentry","category-esportes"],"_links":{"self":[{"href":"https:\/\/www.caririemacao.com\/1\/wp-json\/wp\/v2\/posts\/99053","targetHints":{"allow":["GET"]}}],"collection":[{"href":"https:\/\/www.caririemacao.com\/1\/wp-json\/wp\/v2\/posts"}],"about":[{"href":"https:\/\/www.caririemacao.com\/1\/wp-json\/wp\/v2\/types\/post"}],"author":[{"embeddable":true,"href":"https:\/\/www.caririemacao.com\/1\/wp-json\/wp\/v2\/users\/1"}],"replies":[{"embeddable":true,"href":"https:\/\/www.caririemacao.com\/1\/wp-json\/wp\/v2\/comments?post=99053"}],"version-history":[{"count":1,"href":"https:\/\/www.caririemacao.com\/1\/wp-json\/wp\/v2\/posts\/99053\/revisions"}],"predecessor-version":[{"id":99055,"href":"https:\/\/www.caririemacao.com\/1\/wp-json\/wp\/v2\/posts\/99053\/revisions\/99055"}],"wp:featuredmedia":[{"embeddable":true,"href":"https:\/\/www.caririemacao.com\/1\/wp-json\/wp\/v2\/media\/99054"}],"wp:attachment":[{"href":"https:\/\/www.caririemacao.com\/1\/wp-json\/wp\/v2\/media?parent=99053"}],"wp:term":[{"taxonomy":"category","embeddable":true,"href":"https:\/\/www.caririemacao.com\/1\/wp-json\/wp\/v2\/categories?post=99053"},{"taxonomy":"post_tag","embeddable":true,"href":"https:\/\/www.caririemacao.com\/1\/wp-json\/wp\/v2\/tags?post=99053"}],"curies":[{"name":"wp","href":"https:\/\/api.w.org\/{rel}","templated":true}]}}