{"id":99057,"date":"2019-06-09T21:14:05","date_gmt":"2019-06-10T00:14:05","guid":{"rendered":"http:\/\/www.caririemacao.com\/1\/?p=99057"},"modified":"2019-06-09T21:14:05","modified_gmt":"2019-06-10T00:14:05","slug":"moacir-diz-que-julian-lemos-age-como-um-coronel-e-nao-ouve-ninguem","status":"publish","type":"post","link":"https:\/\/www.caririemacao.com\/1\/2019\/06\/09\/moacir-diz-que-julian-lemos-age-como-um-coronel-e-nao-ouve-ninguem\/","title":{"rendered":"Moacir diz que Julian Lemos age como um coronel e n\u00e3o ouve ningu\u00e9m"},"content":{"rendered":"\n<p>Uma reportagem da Folha de S\u00e3o Paulo, intitulada \u201cPSL racha nos estados com embates p\u00fablicos, \u00e1udios vazados e at\u00e9 troca de socos\u201d, publicada neste domingo (09), acentuou o clima nada amistoso entre os filiados da legenda na Para\u00edba.<\/p>\n\n\n\n<p>Na reportagem, o deputado estadual Moacir Rodrigues, do PSL, refor\u00e7a sua insatisfa\u00e7\u00e3o com a condu\u00e7\u00e3o dada pelo deputado federal Julian Lemos (PSL), ambos de primeiro mandato.<\/p>\n\n\n\n<p>Moacir,&nbsp; conforme a reportagem, acusa Julian de ser uma pessoa que n\u00e3o escuta ningu\u00e9m e de se portar tal qual um coronel.<\/p>\n\n\n\n<p>\u201cEntendemos que a nova pol\u00edtica se faz com democracia. Mas, infelizmente, estamos sob a dire\u00e7\u00e3o de um coronel, uma pessoa que n\u00e3o escuta ningu\u00e9m\u201d, declarou Moacir, na entrevista \u00e0 Folha.<\/p>\n\n\n\n<p>PBAgora<\/p>\n","protected":false},"excerpt":{"rendered":"<p>Uma reportagem da Folha de S\u00e3o Paulo, intitulada \u201cPSL racha nos estados com embates p\u00fablicos, \u00e1udios vazados e at\u00e9 troca de socos\u201d, publicada neste domingo&hellip; <\/p>\n","protected":false},"author":1,"featured_media":99058,"comment_status":"closed","ping_status":"closed","sticky":false,"template":"","format":"standard","meta":{"sfsi_plus_gutenberg_text_before_share":"","sfsi_plus_gutenberg_show_text_before_share":"","sfsi_plus_gutenberg_icon_type":"","sfsi_plus_gutenberg_icon_alignemt":"","sfsi_plus_gutenburg_max_per_row":"","footnotes":""},"categories":[11],"tags":[],"class_list":["post-99057","post","type-post","status-publish","format-standard","has-post-thumbnail","hentry","category-politica"],"_links":{"self":[{"href":"https:\/\/www.caririemacao.com\/1\/wp-json\/wp\/v2\/posts\/99057","targetHints":{"allow":["GET"]}}],"collection":[{"href":"https:\/\/www.caririemacao.com\/1\/wp-json\/wp\/v2\/posts"}],"about":[{"href":"https:\/\/www.caririemacao.com\/1\/wp-json\/wp\/v2\/types\/post"}],"author":[{"embeddable":true,"href":"https:\/\/www.caririemacao.com\/1\/wp-json\/wp\/v2\/users\/1"}],"replies":[{"embeddable":true,"href":"https:\/\/www.caririemacao.com\/1\/wp-json\/wp\/v2\/comments?post=99057"}],"version-history":[{"count":1,"href":"https:\/\/www.caririemacao.com\/1\/wp-json\/wp\/v2\/posts\/99057\/revisions"}],"predecessor-version":[{"id":99059,"href":"https:\/\/www.caririemacao.com\/1\/wp-json\/wp\/v2\/posts\/99057\/revisions\/99059"}],"wp:featuredmedia":[{"embeddable":true,"href":"https:\/\/www.caririemacao.com\/1\/wp-json\/wp\/v2\/media\/99058"}],"wp:attachment":[{"href":"https:\/\/www.caririemacao.com\/1\/wp-json\/wp\/v2\/media?parent=99057"}],"wp:term":[{"taxonomy":"category","embeddable":true,"href":"https:\/\/www.caririemacao.com\/1\/wp-json\/wp\/v2\/categories?post=99057"},{"taxonomy":"post_tag","embeddable":true,"href":"https:\/\/www.caririemacao.com\/1\/wp-json\/wp\/v2\/tags?post=99057"}],"curies":[{"name":"wp","href":"https:\/\/api.w.org\/{rel}","templated":true}]}}