{"id":99065,"date":"2019-06-10T06:07:33","date_gmt":"2019-06-10T09:07:33","guid":{"rendered":"http:\/\/www.caririemacao.com\/1\/?p=99065"},"modified":"2019-06-10T06:07:33","modified_gmt":"2019-06-10T09:07:33","slug":"botafogo-pb-vence-globo-rn-e-se-consolida-no-g-4-do-grupo-a","status":"publish","type":"post","link":"https:\/\/www.caririemacao.com\/1\/2019\/06\/10\/botafogo-pb-vence-globo-rn-e-se-consolida-no-g-4-do-grupo-a\/","title":{"rendered":"Botafogo-PB vence Globo-RN e se consolida no G-4 do Grupo A"},"content":{"rendered":"\n<p><br>Na noite de domingo (09), o Botafogo-PB voltou a campo para enfrentar o Globo-RN, pela s\u00e9tima rodada do Grupo A da S\u00e9rie C do Campeonato Brasileiro. Com dois gols de Clayton, que voltou a marcar ap\u00f3s um m\u00eas e meio, e um do zagueiro Fred, o Belo se recuperou da derrota do \u00faltimo fim de semana e bateu seu advers\u00e1rio por 3 a 1.<\/p>\n\n\n\n<p>Com o sistema defensivo falhando por seguidas vezes nas \u00faltimas partidas, o treinador Evaristo Piza resolveu mudar. A dupla de zaga foi formada por Fred e Willian Goiano, com Lula e Donato ficando no banco de reservas. Marcos Aur\u00e9lio, ainda lesionado, ficou de fora da partida.<\/p>\n\n\n\n<figure class=\"wp-block-image\"><img decoding=\"async\" data-src=\"https:\/\/paraibaonline.com.br\/wp-content\/uploads\/2019\/06\/Bota3x0.jpg\" alt=\"\" class=\"wp-image-743419 lazyload\" src=\"data:image\/svg+xml;base64,PHN2ZyB3aWR0aD0iMSIgaGVpZ2h0PSIxIiB4bWxucz0iaHR0cDovL3d3dy53My5vcmcvMjAwMC9zdmciPjwvc3ZnPg==\" \/><\/figure>\n\n\n\n<p>Foto: Ascom \/ Botafogo-PB<\/p>\n\n\n\n<p>Sem seu camisa 10, desta vez o Belo n\u00e3o sentiu sua aus\u00eancia nas cobran\u00e7as de falta. Logo aos 4 minutos, em uma falta cobrada da esquerda, da entrada da \u00e1rea, e quando todos esperavam o cruzamento, Fred bateu fechado e mandou no canto esquerdo de Wadson para estufar a rede e abrir o marcador.<\/p>\n\n\n\n<p>E parecia que a noite seria tranquila para os botafoguenses. Aos 15 minutos, Juninho chutou da entrada da \u00e1rea, a bola bateu na defesa e sobrou para Clayton, que chutou firme para ampliar o placar e comemorar fazendo o gesto de \u201csai zica\u201d, pois \u00e9 seu primeiro gol desde a final do Paraibano, contra o Campinense, h\u00e1 um m\u00eas e meio.<\/p>\n\n\n\n<p>Quem tamb\u00e9m queria espantar a m\u00e1 fase era Nando. Aos 20 minutos, o camisa 9 recebeu de Juninho e chutou de fora da \u00e1rea com muita viol\u00eancia, mas a bola explodiu no travess\u00e3o de Wadson e subiu. Quase sai o terceiro gol do Botafogo-PB.<\/p>\n\n\n\n<p>Clayton parecia querer retomar sua boa fase, e aos 28 minutos quase fez mais um. Ele recebeu a bola na intermedi\u00e1ria, avan\u00e7ou e, de longe, encheu o p\u00e9. O goleiro potiguar rebateu de maneira esquisita, a bola quase entra, mas ele conseguiu, na segunda tentativa, catar a redonda.<\/p>\n\n\n\n<p>Para dar uma for\u00e7a ao camisa 7, aos 32 minutos Wadson deixou a cobran\u00e7a de falta de muito longe, e que ningu\u00e9m encostou, entrar direto no gol, sem esbo\u00e7ar rea\u00e7\u00e3o, e levar um franga\u00e7o, o terceiro gol do Belo.<\/p>\n\n\n\n<p><strong>Segundo tempo<\/strong><\/p>\n\n\n\n<p>Na volta do intervalo, Clayton continuava mostrando-se motivado. Logo aos 4 minutos, ele recebeu na meia luga da grande \u00e1rea e chutou colocado, no canto esquerdo de Wadson, que conseguiu fazer a ponte e rebater a bola de maneira correra, para o lado esquerdo do campo.<\/p>\n\n\n\n<p>Aos 10 do segundo tempo, a miss\u00e3o da \u00c1guia potiguar se complicou porque Cristiano Sergipano, por reclama\u00e7\u00e3o, recebeu o cart\u00e3o vermelho, o primeiro cart\u00e3o do jogo, que vinha transcorrendo de forma tranquila.<\/p>\n\n\n\n<p>Cinco minutos mais tarde, quase o Belo faz mais um. Marcos Vinicius recebeu na entrada da \u00e1rea e bateu colocado, no canto esquerdo, e a bola passou tirando tinta do poste esquerdo do Globo.<\/p>\n\n\n\n<p>O Botafogo-PB parecia n\u00e3o se contentar com a vit\u00f3ria, que administrava sem dificuldades, e aos 20 minutos, ap\u00f3s jogada pela direita, Nando tocou para o meio da \u00e1rea, a bola sobrou na meia lua novamente para Marcos Vinicius. O meio campista bateu fraco, de p\u00e9 esquerdo, mas o lance ainda levou perigo, j\u00e1 que a pelota quase trisca na trave direita de Wadson.<\/p>\n\n\n\n<p>Para dizer que ainda estava no jogo, o Globo-RN assustou aos 23 minutos. Negueba cobrou escanteio da esquerda, Luc\u00e3o desviou na primeira trave e a bola passou raspando o travess\u00e3o de Saulo.<\/p>\n\n\n\n<p>J\u00e1 perto do fim do jogo, aos 38, Glaubinho chegou at\u00e9 a linha de fundo e Negueba fez um bonito movimento para, de meia-bicicleta, diminuir o placar.<\/p>\n\n\n\n<p>O Botafogo-PB ainda teve chance de fazer o quarto, quando, aos 42, Kelvin fez jogada pela direita e tocou para o meio da \u00e1rea, onde Dico escorou de p\u00e9 direito, mas Wadson fez a defesa e evitou um maior preju\u00edzo.<\/p>\n\n\n\n<p>Com a vit\u00f3ria, o Belo chegou aos 12 pontos e ocupa a terceira coloca\u00e7\u00e3o do Grupo A provisoriamente. o Sampaio Corr\u00eaa-MA, que tem 11 pontos, joga na segunda-feira (10) contra o N\u00e1utico. Na pr\u00f3xima rodada, no domingo (16), \u00e9 a vez do Belo ir at\u00e9 o Aflitos enfrentar o Timbu.<\/p>\n\n\n\n<p>O Globo-RN fica na oitava coloca\u00e7\u00e3o, com 8 pontos, mas pode ser ultrapassado pelo Treze, nono colocado, com 6, que visita o Ferrovi\u00e1rio-CE ainda nesta rodada. Na segunda-feira (17), a \u00c1guia vai pegar o Santa Cruz, em Cear\u00e1-Mirim.<\/p>\n\n\n\n<p><strong>Ficha t\u00e9cnica<\/strong><\/p>\n\n\n\n<p>Botafogo-PB x Globo-RN<br>Campeonato Brasileiro da S\u00e9rie C de 2019 (7\u00aa rodada \u2013 Grupo A)<br><strong>Est\u00e1dio<\/strong>: Almeid\u00e3o (Jo\u00e3o Pessoa)<\/p>\n\n\n\n<p><strong>Arbitragem<\/strong>: Daniel da Silva Ribeiro (AL); Pedro Jorge Santos (AL) e Rondinelle dos Santos (AL)<\/p>\n\n\n\n<p><strong>Cart\u00f5es amarelos:<\/strong>&nbsp;F\u00e1bio Alves (B); Jean Natal, Nininho (G)<br><strong>Cart\u00e3o vermelho<\/strong>: Cristiano Sergipano (G)<br><strong>Gols<\/strong>: Fred, Clayton (2x) (B); Negueba (G)<\/p>\n\n\n\n<p><strong>Botafogo-PB<\/strong>: Saulo, Neilson, Fred (Rodolfo Mol), Willian Goiano, F\u00e1bio Alves; Rog\u00e9rio, Juninho, Marcos Vinicius, Clayton (Dico); Kelvin e Nando (Felipe Alves). T\u00e9cnico: Evaristo Piza.<\/p>\n\n\n\n<p><strong>Globo-RN<\/strong>: Wadson, Glaubinho, Luc\u00e3o, Montanha (Cristiano Sergipano), Nininho; Ramon, Jardel, Jean Natal (C\u00edcero Mateus), Chiclete; Negueba e Lauder (Luiz Renan). T\u00e9cnico: Higor C\u00e9sar.<\/p>\n","protected":false},"excerpt":{"rendered":"<p>Na noite de domingo (09), o Botafogo-PB voltou a campo para enfrentar o Globo-RN, pela s\u00e9tima rodada do Grupo A da S\u00e9rie C do Campeonato&hellip; <\/p>\n","protected":false},"author":1,"featured_media":99066,"comment_status":"closed","ping_status":"closed","sticky":false,"template":"","format":"standard","meta":{"sfsi_plus_gutenberg_text_before_share":"","sfsi_plus_gutenberg_show_text_before_share":"","sfsi_plus_gutenberg_icon_type":"","sfsi_plus_gutenberg_icon_alignemt":"","sfsi_plus_gutenburg_max_per_row":"","footnotes":""},"categories":[13],"tags":[],"class_list":["post-99065","post","type-post","status-publish","format-standard","has-post-thumbnail","hentry","category-esportes"],"_links":{"self":[{"href":"https:\/\/www.caririemacao.com\/1\/wp-json\/wp\/v2\/posts\/99065","targetHints":{"allow":["GET"]}}],"collection":[{"href":"https:\/\/www.caririemacao.com\/1\/wp-json\/wp\/v2\/posts"}],"about":[{"href":"https:\/\/www.caririemacao.com\/1\/wp-json\/wp\/v2\/types\/post"}],"author":[{"embeddable":true,"href":"https:\/\/www.caririemacao.com\/1\/wp-json\/wp\/v2\/users\/1"}],"replies":[{"embeddable":true,"href":"https:\/\/www.caririemacao.com\/1\/wp-json\/wp\/v2\/comments?post=99065"}],"version-history":[{"count":1,"href":"https:\/\/www.caririemacao.com\/1\/wp-json\/wp\/v2\/posts\/99065\/revisions"}],"predecessor-version":[{"id":99067,"href":"https:\/\/www.caririemacao.com\/1\/wp-json\/wp\/v2\/posts\/99065\/revisions\/99067"}],"wp:featuredmedia":[{"embeddable":true,"href":"https:\/\/www.caririemacao.com\/1\/wp-json\/wp\/v2\/media\/99066"}],"wp:attachment":[{"href":"https:\/\/www.caririemacao.com\/1\/wp-json\/wp\/v2\/media?parent=99065"}],"wp:term":[{"taxonomy":"category","embeddable":true,"href":"https:\/\/www.caririemacao.com\/1\/wp-json\/wp\/v2\/categories?post=99065"},{"taxonomy":"post_tag","embeddable":true,"href":"https:\/\/www.caririemacao.com\/1\/wp-json\/wp\/v2\/tags?post=99065"}],"curies":[{"name":"wp","href":"https:\/\/api.w.org\/{rel}","templated":true}]}}