{"id":99077,"date":"2019-06-10T06:11:19","date_gmt":"2019-06-10T09:11:19","guid":{"rendered":"http:\/\/www.caririemacao.com\/1\/?p=99077"},"modified":"2019-06-10T06:11:19","modified_gmt":"2019-06-10T09:11:19","slug":"mensagens-mostram-colaboracao-entre-moro-e-deltan-na-lava-jato-revela-site","status":"publish","type":"post","link":"https:\/\/www.caririemacao.com\/1\/2019\/06\/10\/mensagens-mostram-colaboracao-entre-moro-e-deltan-na-lava-jato-revela-site\/","title":{"rendered":"Mensagens mostram colabora\u00e7\u00e3o entre Moro e Deltan na Lava Jato, revela site"},"content":{"rendered":"\n<p>Mensagens atribu\u00eddas ao ex-juiz Sergio Moro e ao procurador Deltan Dallagnol, do MPF (Minist\u00e9rio P\u00fablico Federal), que foram divulgadas neste domingo (9) pelo site Intercept Brasil mostram que os dois trocavam colabora\u00e7\u00f5es quando integravam a for\u00e7a-tarefa da Opera\u00e7\u00e3o Lava Jato.<\/p>\n\n\n\n<p>Moro, que hoje \u00e9 ministro da Justi\u00e7a e Seguran\u00e7a P\u00fablica do governo Jair Bolsonaro (PSL), foi o juiz respons\u00e1vel pela opera\u00e7\u00e3o em Curitiba (PR). Ele deixou a opera\u00e7\u00e3o ao aceitar o convite para o cargo, em novembro.<\/p>\n\n\n\n<p>O site informou que obteve o material de uma fonte an\u00f4nima, que pediu sigilo. O pacote inclui mensagens privadas e de grupos da for\u00e7a-tarefa no aplicativo Telegram de 2015 a 2018.<\/p>\n\n\n\n<p>Ap\u00f3s a publica\u00e7\u00e3o das reportagens, a equipe de procuradores da opera\u00e7\u00e3o divulgou nota chamando a revela\u00e7\u00e3o de mensagens de \u201cataque criminoso \u00e0 Lava Jato\u201d e disse que o caso p\u00f5e em risco a seguran\u00e7a de seus integrantes.<\/p>\n\n\n\n<p>Na troca de mensagens, membros da for\u00e7a-tarefa fazem refer\u00eancias a casos como o processo que culminou com a condena\u00e7\u00e3o do ex-presidente Luiz In\u00e1cio Lula da Silva (PT) no caso do tr\u00edplex de Guaruj\u00e1.<\/p>\n\n\n\n<p>Preso em decorr\u00eancia da senten\u00e7a de Moro, o petista foi impedido de concorrer \u00e0 Presid\u00eancia na elei\u00e7\u00e3o do ano passado.<\/p>\n\n\n\n<p>A senten\u00e7a de Moro foi confirmada em segunda inst\u00e2ncia pelo TRF-4 (Tribunal Regional Federal da 4\u00aa Regi\u00e3o). A condena\u00e7\u00e3o j\u00e1 foi chancelada tamb\u00e9m pelo STJ (Superior Tribunal de Justi\u00e7a), que reduziu a pena para oito anos, 10 meses e 20 dias de pris\u00e3o.<\/p>\n\n\n\n<p>Segundo a reportagem, Moro sugeriu ao MPF trocar a ordem de fases da Lava Jato, cobrou a realiza\u00e7\u00e3o de novas opera\u00e7\u00f5es, deu conselhos e pistas e antecipou ao menos uma decis\u00e3o judicial. Especialistas em direito dizem que n\u00e3o haveria, a princ\u00edpio, nenhuma ilegalidade, mas pode ter havido desvio \u00e9tico.<\/p>\n\n\n\n<p>\u201cOl\u00e1 Diante dos \u00faltimos . desdobramentos talvez fosse o caso de inverter a ordem da duas planejada (sic)\u201d, escreveu Moro a Dallagnol em fevereiro 2016, referindo-se a fases da investiga\u00e7\u00e3o. As mensagens foram reproduzidas da forma como o site as publicou, sem corre\u00e7\u00f5es ou revis\u00e3o gramatical.<\/p>\n\n\n\n<p>Dallagnol disse que haveria problemas log\u00edsticos para acatar a sugest\u00e3o. No dia seguinte, foi deflagrada a 23\u00aa fase da Lava Jato, a Opera\u00e7\u00e3o Acaraj\u00e9.<\/p>\n\n\n\n<p>Em agosto do mesmo ano, depois de decorrido o per\u00edodo de quase um m\u00eas sem novas opera\u00e7\u00f5es da for\u00e7a-tarefa, o ex-magistrado perguntou: \u201cN\u00e3o \u00e9 muito tempo sem opera\u00e7\u00e3o?\u201d. A decis\u00e3o, em tese, caberia aos investigadores, e n\u00e3o ao juiz do caso.<\/p>\n\n\n\n<p>\u201c\u00c9 sim\u201d, respondeu Dallagnol, de acordo com o Intercept. A opera\u00e7\u00e3o seguinte ocorreu tr\u00eas semanas depois do di\u00e1logo com o magistrado.<\/p>\n\n\n\n<p>O material que veio a p\u00fablico traz tamb\u00e9m rea\u00e7\u00f5es \u00e0 decis\u00e3o do STF (Supremo Tribunal Federal) de soltar em 2015 Alexandrino Alencar, ex-executivo da Odebrecht que se tornou delator. Os di\u00e1logos mostram os membros do MPF e do Judici\u00e1rio debatendo passos que poderiam levar o delator de volta para a pris\u00e3o.<\/p>\n\n\n\n<p>\u201cCaro, STF soltou Alexandrino. Estamos com outra den\u00fancia a ponto de sair, e pediremos pris\u00e3o com base em fundamentos adicionais na cota. [\u2026] Seria poss\u00edvel apreciar hoje?\u201d, escreveu Dallagnol.<\/p>\n\n\n\n<p>\u201cN\u00e3o creio que conseguiria ver hj. Mas pensem bem se \u00e9 uma boa ideia\u201d, respondeu Moro. Nove minutos depois, o ent\u00e3o juiz acrescentou: \u201cTeriam que ser fatos graves\u201d.<\/p>\n\n\n\n<p>Depois de ouvir a sugest\u00e3o, Dallagnol repassou a mensagem do juiz para o grupo de colegas de for\u00e7a-tarefa. \u201cFalei com russo\u201d, explicou, usando o apelido que o ex-juiz tinha entre os procuradores.<\/p>\n\n\n\n<p>Em outro epis\u00f3dio, Moro indicou ao procurador do MPF qual seria a tend\u00eancia de uma decis\u00e3o sua no processo de Lula. Em 2017, o ex-juiz cobrou os procuradores sobre uma tentativa de adiar o primeiro depoimento do petista com r\u00e9u em Curitiba.<\/p>\n\n\n\n<p>\u201cQue hist\u00f3ria \u00e9 essa que vcs querem adiar? Vcs devem estar brincando\u201d, escreveu Moro a Dallagnol. \u201cN\u00e3o tem nulidade nenhuma, \u00e9 s\u00f3 um monte de bobagem\u201d, continuou, questionando contesta\u00e7\u00f5es que existiam \u00e0 realiza\u00e7\u00e3o do interrogat\u00f3rio.<\/p>\n\n\n\n<p>Dias depois, ap\u00f3s trocas de esclarecimentos, o procurador buscou tranquilizar o magistrado: \u201cDe nossa parte, foi um pedido mais por estrat\u00e9gia\u201d. Moro ent\u00e3o falou a Dallagnol sobre como procederia diante de pedido da defesa de Lula para adiar o depoimento: \u201cBlz, tranquilo, ainda estou preparando a decis\u00e3o mas a tend\u00eancia \u00e9 indeferir mesmo\u201d.<\/p>\n\n\n\n<p>Um outro epis\u00f3dio da Lava Jato abordado na troca de mensagens \u00e9 o pedido de entrevista com o ex-presidente na pris\u00e3o barrado na Justi\u00e7a no ano passado. Segundo conversas reproduzidas pela reportagem, procuradores do MPF envolvidos na Lava Jato reagiram com indigna\u00e7\u00e3o \u00e0 decis\u00e3o do STF (Supremo Tribunal Federal) de autorizar o jornal Folha de S.Paulo a entrevistar Lula pouco antes do primeiro turno.<\/p>\n\n\n\n<p>Derrubada no mesmo dia, a permiss\u00e3o s\u00f3 voltaria a ser concedida pela corte neste ano -o jornal entrevistou o petista em Curitiba em abril.<\/p>\n\n\n\n<p>No dia da decis\u00e3o favor\u00e1vel, em 2018, procuradora Laura Tessler escreveu no grupo de membros do MPF: \u201cQue piada!!! Revoltante!!! L\u00e1 vai o cara fazer palanque na cadeia. Um verdadeiro circo. E depois de M\u00f4nica Bergamo [colunista da Folha de S.Paulo], pela isonomia, devem vir tantos outros jornalistas\u2026 e a gente aqui fica s\u00f3 fazendo papel de palha\u00e7o com um Supremo desse\u2026\u201d<\/p>\n\n\n\n<p>\u201cMafiosos!!!!!!!!!!!!!!!!!!!!!\u201d, respondeu a procuradora Isabel Groba.<\/p>\n\n\n\n<p>Tessler, na sequ\u00eancia, afirmou: \u201cSei l\u00e1\u2026mas uma coletiva antes do segundo turno pode eleger o Haddad\u201d, referindo-se ao candidato que substituiu Lula na campanha do PT, Fernando Haddad.<br>Outro procurador, Athayde Ribeiro Costa, sugeriu que a Pol\u00edcia Federal adotasse uma manobra para adiar a entrevista para depois da elei\u00e7\u00e3o, sem que tivesse de descumprir a decis\u00e3o da Justi\u00e7a.<\/p>\n\n\n\n<p>\u201cN tem data. So a pf agendar pra dps das eleicoes. Estara cumprindo a decisao. E se forcarem antes, desnuda ainda mais o carater eleitoreiro\u201d, afirmou Costa.<\/p>\n\n\n\n<p>Em outra mensagem, de mar\u00e7o de 2016, Dallagnol cumprimentou Moro pelo fato de o ent\u00e3o juiz ter sido destaque em manifesta\u00e7\u00f5es de rua pelo pa\u00eds que pediam a sa\u00edda de Dilma.<\/p>\n\n\n\n<p>\u201cE parab\u00e9ns pelo imenso apoio p\u00fablico hoje. [\u2026] Seus sinais conduzir\u00e3o multid\u00f5es, inclusive para reformas de que o Brasil precisa, nos sistemas pol\u00edtico e de justi\u00e7a criminal. [\u2026]\u201d, escreveu o procurador ao juiz.<\/p>\n\n\n\n<p>O magistrado afirmou que havia feito uma manifesta\u00e7\u00e3o oficial sobre o tema. \u201cParabens a todos n\u00f3s\u201d, acrescentou.<\/p>\n\n\n\n<p>Na sequ\u00eancia, Moro emitiu opini\u00e3o sobre o momento pol\u00edtico do pa\u00eds: \u201cAinda desconfio muito de nossa capacidade institucional de limpar o congresso. O melhor seria o congresso se autolimpar mas isso nao est\u00e1 no horizonte. E nao sei se o stf tem for\u00e7a suficiente para processar e condenar tantos e tao poderosos\u201d.<\/p>\n\n\n\n<p>As conversas tornadas p\u00fablicas sugerem ainda d\u00favidas de membros do MPF quanto \u00e0 den\u00fancia contra Lula no caso do tr\u00edplex de Guaruj\u00e1, senten\u00e7a que acabou levando o petista \u00e0 pris\u00e3o.<\/p>\n\n\n\n<p>Quatro dias antes da apresenta\u00e7\u00e3o da den\u00fancia da Procuradoria, Dallagnol afirmou em um grupo que tinha receio sobre pontos da pe\u00e7a jur\u00eddica, como, por exemplo, a rela\u00e7\u00e3o entre os desvios na Petrobras e a acusa\u00e7\u00e3o de enriquecimento.<\/p>\n\n\n\n<p>\u201cFalar\u00e3o que estamos acusando com base em not\u00edcia de jornal e ind\u00edcios fr\u00e1geis\u2026 ent\u00e3o \u00e9 um item que \u00e9 bom que esteja bem amarrado. Fora esse item, at\u00e9 agora tenho receio da liga\u00e7\u00e3o entre petrobras e o enriquecimento, e depois que me falaram to com receio da hist\u00f3ria do apto\u2026 S\u00e3o pontos em que temos que ter as respostas ajustadas e na ponta da l\u00edngua\u201d, escreveu o procurador.<\/p>\n\n\n\n<p>Cerca de 24 horas depois, Dallagnol se expressou com entusiasmo ao tomar conhecimento de uma reportagem do jornal O Globo que poderia sustentar a acusa\u00e7\u00e3o. Ele escreveu, \u00e0s 22h45 de um s\u00e1bado: \u201ctesao demais essa mat\u00e9ria do O GLOBO de 2010. Vou dar um beijo em quem de Vcs achou isso\u201d.<\/p>\n\n\n\n<p>Na v\u00e9spera da den\u00fancia contra Lula, o representante do MPF afirmou em um grupo: \u201cA opini\u00e3o p\u00fablica \u00e9 decisiva e \u00e9 um caso constru\u00eddo com prova indireta e palavra de colaboradores contra um \u00edcone que passou incolume pelo mensal\u00e3o\u201d.<\/p>\n\n\n\n<figure class=\"wp-block-image\"><img decoding=\"async\" data-src=\"https:\/\/paraibaonline.com.br\/wp-content\/uploads\/2016\/04\/Deltan-Dallagnol-556x417.jpg\" alt=\"Foto: Marcelo Camargo\/ Ag\u00eancia Brasil\" class=\"wp-image-62300 lazyload\" src=\"data:image\/svg+xml;base64,PHN2ZyB3aWR0aD0iMSIgaGVpZ2h0PSIxIiB4bWxucz0iaHR0cDovL3d3dy53My5vcmcvMjAwMC9zdmciPjwvc3ZnPg==\" style=\"--smush-placeholder-width: 556px; --smush-placeholder-aspect-ratio: 556\/417;\" \/><\/figure>\n\n\n\n<p>Foto: Marcelo Camargo\/ Ag\u00eancia Brasil<\/p>\n\n\n\n<p>Dias depois, ele comentou em mensagem direta a Moro: \u201cA den\u00fancia \u00e9 baseada em muita prova indireta de autoria, mas n\u00e3o caberia dizer isso na den\u00fancia e na comunica\u00e7\u00e3o evitamos esse ponto\u201d.<\/p>\n\n\n\n<p>Em outro dia, enquanto procuradores eram atacados por causa de pontos considerados fr\u00e1geis na den\u00fancia, o ex-juiz e hoje ministro enviou palavras de apoio a Dallagnol: \u201cDefinitivamente, as cr\u00edticas \u00e0 exposi\u00e7\u00e3o de vcs s\u00e3o desproporcionais. Siga firme\u201d.<\/p>\n\n\n\n<p>O material divulgado pelo Intercept permite tamb\u00e9m se ter uma ideia sobre o planejamento do c\u00e9lebre PowerPoint contra Lula que o procurador do MPF exibiu ao comentar a den\u00fancia.<\/p>\n\n\n\n<p>\u201cAcho que o slide do apto tem que ser did\u00e1tico tb. Imagino o mesmo do lula, bal\u00f5es ao redor do bal\u00e3o central, ou seja, evid\u00eancias ao redor da hip\u00f3tese de que ele era o dono\u201d, escreveu Dallagnol em grupo de colegas, dias antes de apresentar a tela com o esquema.<\/p>\n\n\n\n<p>OUTRO LADO<br>A for\u00e7a-tarefa da Lava Jato afirmou em nota que os procuradores \u201cforam v\u00edtimas de a\u00e7\u00e3o criminosa de um hacker que praticou os mais graves ataques \u00e0 atividade do Minist\u00e9rio P\u00fablico, \u00e0 vida privada e \u00e0 seguran\u00e7a de seus integrantes\u201d.<\/p>\n\n\n\n<p>\u201cA viola\u00e7\u00e3o criminosa das comunica\u00e7\u00f5es de autoridades constitu\u00eddas \u00e9 uma grave e il\u00edcita afronta ao Estado e se coaduna com o objetivo de obstar a continuidade da Opera\u00e7\u00e3o, expondo a vida dos seus membros e fam\u00edlias a riscos pessoais\u201d, diz o texto.<\/p>\n\n\n\n<p>A Procuradoria afirma ainda que n\u00e3o sabe a extens\u00e3o da invas\u00e3o e que n\u00e3o houve pedido de esclarecimento antes da publica\u00e7\u00e3o das reportagens. Sobre o teor dos di\u00e1logos, diz que as informa\u00e7\u00f5es foram tiradas de contexto, o que pode gerar uma interpreta\u00e7\u00e3o equivocada.<\/p>\n\n\n\n<p>\u201cV\u00e1rios dos integrantes da for\u00e7a-tarefa de procuradores s\u00e3o amigos pr\u00f3ximos e, nesse ambiente, s\u00e3o comuns desabafos e brincadeiras. Muitas conversas, sem o devido contexto, podem dar margem para interpreta\u00e7\u00f5es equivocadas. A for\u00e7a-tarefa lamenta profundamente pelo desconforto daqueles que eventualmente tenham se sentido atingidos.\u201d<\/p>\n\n\n\n<p>A reportagem procurou o ministro Sergio Moro, mas n\u00e3o obteve resposta at\u00e9 a publica\u00e7\u00e3o deste texto.<\/p>\n\n\n\n<p>A defesa de Lula afirmou em nota que a reportagem do Intercept revela detalhes de uma trama, j\u00e1 denunciada pelos advogados, que envolve \u201cuma atua\u00e7\u00e3o combinada entre os procuradores e o ex-juiz Sergio Moro, com o objetivo preestabelecido e com clara motiva\u00e7\u00e3o pol\u00edtica, de processar, condenar e retirar a liberdade do ex-presidente\u201d.<\/p>\n\n\n\n<p>\u201cA atua\u00e7\u00e3o ajustada dos procuradores e do ex-juiz da causa, com objetivos pol\u00edticos, sujeitou Lula e sua fam\u00edlia \u00e0s mais diversas arbitrariedades. A esse cen\u00e1rio devem ser somadas diversas outras grosseiras ilegalidades\u201d, diz o comunicado.<\/p>\n\n\n\n<p>Reportagem da Folha de S.Paulo na \u00faltima quinta-feira (6) mostrou que a defesa de Lula argumentar\u00e1 no STF que a Lava Jato produziu relat\u00f3rios sobre 14 horas de conversas gravadas entre advogados do ex-presidente, o que contraria a legisla\u00e7\u00e3o.<\/p>\n","protected":false},"excerpt":{"rendered":"<p>Mensagens atribu\u00eddas ao ex-juiz Sergio Moro e ao procurador Deltan Dallagnol, do MPF (Minist\u00e9rio P\u00fablico Federal), que foram divulgadas neste domingo (9) pelo site Intercept&hellip; <\/p>\n","protected":false},"author":1,"featured_media":83363,"comment_status":"closed","ping_status":"closed","sticky":false,"template":"","format":"standard","meta":{"sfsi_plus_gutenberg_text_before_share":"","sfsi_plus_gutenberg_show_text_before_share":"","sfsi_plus_gutenberg_icon_type":"","sfsi_plus_gutenberg_icon_alignemt":"","sfsi_plus_gutenburg_max_per_row":"","footnotes":""},"categories":[11],"tags":[],"class_list":["post-99077","post","type-post","status-publish","format-standard","has-post-thumbnail","hentry","category-politica"],"_links":{"self":[{"href":"https:\/\/www.caririemacao.com\/1\/wp-json\/wp\/v2\/posts\/99077","targetHints":{"allow":["GET"]}}],"collection":[{"href":"https:\/\/www.caririemacao.com\/1\/wp-json\/wp\/v2\/posts"}],"about":[{"href":"https:\/\/www.caririemacao.com\/1\/wp-json\/wp\/v2\/types\/post"}],"author":[{"embeddable":true,"href":"https:\/\/www.caririemacao.com\/1\/wp-json\/wp\/v2\/users\/1"}],"replies":[{"embeddable":true,"href":"https:\/\/www.caririemacao.com\/1\/wp-json\/wp\/v2\/comments?post=99077"}],"version-history":[{"count":1,"href":"https:\/\/www.caririemacao.com\/1\/wp-json\/wp\/v2\/posts\/99077\/revisions"}],"predecessor-version":[{"id":99078,"href":"https:\/\/www.caririemacao.com\/1\/wp-json\/wp\/v2\/posts\/99077\/revisions\/99078"}],"wp:featuredmedia":[{"embeddable":true,"href":"https:\/\/www.caririemacao.com\/1\/wp-json\/wp\/v2\/media\/83363"}],"wp:attachment":[{"href":"https:\/\/www.caririemacao.com\/1\/wp-json\/wp\/v2\/media?parent=99077"}],"wp:term":[{"taxonomy":"category","embeddable":true,"href":"https:\/\/www.caririemacao.com\/1\/wp-json\/wp\/v2\/categories?post=99077"},{"taxonomy":"post_tag","embeddable":true,"href":"https:\/\/www.caririemacao.com\/1\/wp-json\/wp\/v2\/tags?post=99077"}],"curies":[{"name":"wp","href":"https:\/\/api.w.org\/{rel}","templated":true}]}}