{"id":99082,"date":"2019-06-10T06:14:19","date_gmt":"2019-06-10T09:14:19","guid":{"rendered":"http:\/\/www.caririemacao.com\/1\/?p=99082"},"modified":"2019-06-10T06:14:19","modified_gmt":"2019-06-10T09:14:19","slug":"ricardo-coutinho-o-brasil-se-avizinha-rapidamente-de-uma-situacao-desastrosa","status":"publish","type":"post","link":"https:\/\/www.caririemacao.com\/1\/2019\/06\/10\/ricardo-coutinho-o-brasil-se-avizinha-rapidamente-de-uma-situacao-desastrosa\/","title":{"rendered":"Ricardo Coutinho: \u201cO Brasil se avizinha rapidamente de uma situa\u00e7\u00e3o desastrosa\u201d"},"content":{"rendered":"\n<p>Leia trechos da coluna de estreia do ex-governador Ricardo Coutinho na revista Carta Capital.<\/p>\n\n\n\n<p>\u201cTalvez as melhores m\u00e9tricas para avaliar um gestor p\u00fablico sejam sua capacidade de interpretar as reais necessidades da popula\u00e7\u00e3o a que serve \u2013 em escala nacional, estadual ou municipal \u2013 e o trabalho que se disp\u00f5e a realizar, no sentido de atend\u00ea-las integralmente, mesmo que isso signifique desenvolver projetos de prazo mais largo do que um \u00fanico mandato.<\/p>\n\n\n\n<p>\u201cA interpreta\u00e7\u00e3o do cen\u00e1rio pol\u00edtico atual, visto a partir dessa concep\u00e7\u00e3o simples, mostra as raz\u00f5es pelas quais o Brasil se avizinha rapidamente de uma situa\u00e7\u00e3o desastrosa, que precisa ser revertida o quanto antes.<\/p>\n\n\n\n<p>\u201cO governo Bolsonaro, no que se refere a quadros, disse desde cedo a que veio. Escolheu precocemente um ultraliberal para o Minist\u00e9rio da Economia, engatando o pa\u00eds em mais uma aventura que associa a devo\u00e7\u00e3o ao mercado a uma agressiva desconstru\u00e7\u00e3o das pol\u00edticas p\u00fablicas \u2013 a Argentina de Macri mostra de forma exemplar, a que cen\u00e1rios se pode chegar com isso.<\/p>\n\n\n\n<p>\u201cNo outro extremo da composi\u00e7\u00e3o da equipe do governo, a defini\u00e7\u00e3o tardia e desastrada para o Minist\u00e9rio da Educa\u00e7\u00e3o. Se pensarmos que as prioridades s\u00e3o refletidas pelo ordenamento e import\u00e2ncia das a\u00e7\u00f5es, veremos sem grande dificuldade qual \u00e9 o imagin\u00e1rio que move esse governo\u201d.<\/p>\n\n\n\n<p>Ainda Coutinho: \u201cDamos voz com essa luta aos jovens, e a um pa\u00eds que s\u00f3 poder\u00e1 ser constru\u00eddo com um genu\u00edno sentimento de brasilidade. \u00c9 em nome desse pa\u00eds pujante, justo, inclusivo, democr\u00e1tico, que se deve transformar a defesa da educa\u00e7\u00e3o p\u00fablica no principal eixo de oposi\u00e7\u00e3o ao governo Bolsonaro: \u00e9 justamente esse o fio que desfaz todo o novelo do desatino que afronta o Brasil\u201d.<\/p>\n","protected":false},"excerpt":{"rendered":"<p>Leia trechos da coluna de estreia do ex-governador Ricardo Coutinho na revista Carta Capital. \u201cTalvez as melhores m\u00e9tricas para avaliar um gestor p\u00fablico sejam sua&hellip; <\/p>\n","protected":false},"author":1,"featured_media":99083,"comment_status":"closed","ping_status":"closed","sticky":false,"template":"","format":"standard","meta":{"sfsi_plus_gutenberg_text_before_share":"","sfsi_plus_gutenberg_show_text_before_share":"","sfsi_plus_gutenberg_icon_type":"","sfsi_plus_gutenberg_icon_alignemt":"","sfsi_plus_gutenburg_max_per_row":"","footnotes":""},"categories":[11],"tags":[],"class_list":["post-99082","post","type-post","status-publish","format-standard","has-post-thumbnail","hentry","category-politica"],"_links":{"self":[{"href":"https:\/\/www.caririemacao.com\/1\/wp-json\/wp\/v2\/posts\/99082","targetHints":{"allow":["GET"]}}],"collection":[{"href":"https:\/\/www.caririemacao.com\/1\/wp-json\/wp\/v2\/posts"}],"about":[{"href":"https:\/\/www.caririemacao.com\/1\/wp-json\/wp\/v2\/types\/post"}],"author":[{"embeddable":true,"href":"https:\/\/www.caririemacao.com\/1\/wp-json\/wp\/v2\/users\/1"}],"replies":[{"embeddable":true,"href":"https:\/\/www.caririemacao.com\/1\/wp-json\/wp\/v2\/comments?post=99082"}],"version-history":[{"count":1,"href":"https:\/\/www.caririemacao.com\/1\/wp-json\/wp\/v2\/posts\/99082\/revisions"}],"predecessor-version":[{"id":99084,"href":"https:\/\/www.caririemacao.com\/1\/wp-json\/wp\/v2\/posts\/99082\/revisions\/99084"}],"wp:featuredmedia":[{"embeddable":true,"href":"https:\/\/www.caririemacao.com\/1\/wp-json\/wp\/v2\/media\/99083"}],"wp:attachment":[{"href":"https:\/\/www.caririemacao.com\/1\/wp-json\/wp\/v2\/media?parent=99082"}],"wp:term":[{"taxonomy":"category","embeddable":true,"href":"https:\/\/www.caririemacao.com\/1\/wp-json\/wp\/v2\/categories?post=99082"},{"taxonomy":"post_tag","embeddable":true,"href":"https:\/\/www.caririemacao.com\/1\/wp-json\/wp\/v2\/tags?post=99082"}],"curies":[{"name":"wp","href":"https:\/\/api.w.org\/{rel}","templated":true}]}}