{"id":99092,"date":"2019-06-10T06:19:12","date_gmt":"2019-06-10T09:19:12","guid":{"rendered":"http:\/\/www.caririemacao.com\/1\/?p=99092"},"modified":"2019-06-10T06:19:12","modified_gmt":"2019-06-10T09:19:12","slug":"homem-morre-vitima-de-acidente-de-moto-na-zona-rural-de-monteiro","status":"publish","type":"post","link":"https:\/\/www.caririemacao.com\/1\/2019\/06\/10\/homem-morre-vitima-de-acidente-de-moto-na-zona-rural-de-monteiro\/","title":{"rendered":"Homem morre v\u00edtima de acidente de moto na zona rural de Monteiro"},"content":{"rendered":"\n<p>Um homem foi encontrado morto neste s\u00e1bado (08), no Assentamento dos Dez, zona rural do munic\u00edpio de Monteiro, no Cariri paraibano.<\/p>\n\n\n\n<p>Conforme informa\u00e7\u00f5es, o homem foi encontrado ca\u00eddo j\u00e1 sem vida as margens da estrada, pr\u00f3ximo a moto. N\u00e3o se sabe as causas do acidente, por\u00e9m, populares acreditam que ele tenha perdido o controle da moto e ca\u00eddo.<\/p>\n","protected":false},"excerpt":{"rendered":"<p>Um homem foi encontrado morto neste s\u00e1bado (08), no Assentamento dos Dez, zona rural do munic\u00edpio de Monteiro, no Cariri paraibano. Conforme informa\u00e7\u00f5es, o homem&hellip; <\/p>\n","protected":false},"author":1,"featured_media":88728,"comment_status":"closed","ping_status":"closed","sticky":false,"template":"","format":"standard","meta":{"sfsi_plus_gutenberg_text_before_share":"","sfsi_plus_gutenberg_show_text_before_share":"","sfsi_plus_gutenberg_icon_type":"","sfsi_plus_gutenberg_icon_alignemt":"","sfsi_plus_gutenburg_max_per_row":"","footnotes":""},"categories":[12],"tags":[],"class_list":["post-99092","post","type-post","status-publish","format-standard","has-post-thumbnail","hentry","category-policia"],"_links":{"self":[{"href":"https:\/\/www.caririemacao.com\/1\/wp-json\/wp\/v2\/posts\/99092","targetHints":{"allow":["GET"]}}],"collection":[{"href":"https:\/\/www.caririemacao.com\/1\/wp-json\/wp\/v2\/posts"}],"about":[{"href":"https:\/\/www.caririemacao.com\/1\/wp-json\/wp\/v2\/types\/post"}],"author":[{"embeddable":true,"href":"https:\/\/www.caririemacao.com\/1\/wp-json\/wp\/v2\/users\/1"}],"replies":[{"embeddable":true,"href":"https:\/\/www.caririemacao.com\/1\/wp-json\/wp\/v2\/comments?post=99092"}],"version-history":[{"count":1,"href":"https:\/\/www.caririemacao.com\/1\/wp-json\/wp\/v2\/posts\/99092\/revisions"}],"predecessor-version":[{"id":99093,"href":"https:\/\/www.caririemacao.com\/1\/wp-json\/wp\/v2\/posts\/99092\/revisions\/99093"}],"wp:featuredmedia":[{"embeddable":true,"href":"https:\/\/www.caririemacao.com\/1\/wp-json\/wp\/v2\/media\/88728"}],"wp:attachment":[{"href":"https:\/\/www.caririemacao.com\/1\/wp-json\/wp\/v2\/media?parent=99092"}],"wp:term":[{"taxonomy":"category","embeddable":true,"href":"https:\/\/www.caririemacao.com\/1\/wp-json\/wp\/v2\/categories?post=99092"},{"taxonomy":"post_tag","embeddable":true,"href":"https:\/\/www.caririemacao.com\/1\/wp-json\/wp\/v2\/tags?post=99092"}],"curies":[{"name":"wp","href":"https:\/\/api.w.org\/{rel}","templated":true}]}}