{"id":99099,"date":"2019-06-10T10:35:00","date_gmt":"2019-06-10T13:35:00","guid":{"rendered":"http:\/\/www.caririemacao.com\/1\/?p=99099"},"modified":"2019-06-10T10:35:00","modified_gmt":"2019-06-10T13:35:00","slug":"tentativa-de-homicidio-e-registrada-em-cidade-do-cariri-durante-este-final-de-semana","status":"publish","type":"post","link":"https:\/\/www.caririemacao.com\/1\/2019\/06\/10\/tentativa-de-homicidio-e-registrada-em-cidade-do-cariri-durante-este-final-de-semana\/","title":{"rendered":"Tentativa de homic\u00eddio \u00e9 registrada em cidade do Cariri durante este final de semana"},"content":{"rendered":"\n<p>Uma tentativa de homic\u00eddio foi registrado no \u00faltimo s\u00e1bado(08) na cidade de Tapero\u00e1, cariri paraibano.<\/p>\n\n\n\n<p>Segundo informa\u00e7\u00f5es, um homem conhecido pela Alcunha de (Fran\u00e7a) foi ferido com golpes de faca na Cabe\u00e7a , no Bairro do Alto, na Zona Norte de Tapero\u00e1.<\/p>\n\n\n\n<p>O SAMU foi acionado e o homem foi socorrido e levado para o Hospital Regional de Tapero\u00e1 (HGT), onde foi feito todos os procedimentos de encaminhamento e em seguida foi direcionado ao Hospital de Trauma de Campina Grande.<\/p>\n\n\n\n<p>A Pol\u00edcia j\u00e1 identificou o suspeito da tentativa de homic\u00eddio que tamb\u00e9m mora no bairro do alto. A v\u00edtima j\u00e1 respondeu por uma tentativa de homic\u00eddio na cidade de Tapero\u00e1.<\/p>\n\n\n\n<p><strong>De Olho no Cariri<\/strong><\/p>\n","protected":false},"excerpt":{"rendered":"<p>Uma tentativa de homic\u00eddio foi registrado no \u00faltimo s\u00e1bado(08) na cidade de Tapero\u00e1, cariri paraibano. Segundo informa\u00e7\u00f5es, um homem conhecido pela Alcunha de (Fran\u00e7a) foi&hellip; <\/p>\n","protected":false},"author":1,"featured_media":10983,"comment_status":"closed","ping_status":"closed","sticky":false,"template":"","format":"standard","meta":{"sfsi_plus_gutenberg_text_before_share":"","sfsi_plus_gutenberg_show_text_before_share":"","sfsi_plus_gutenberg_icon_type":"","sfsi_plus_gutenberg_icon_alignemt":"","sfsi_plus_gutenburg_max_per_row":"","footnotes":""},"categories":[6,12],"tags":[],"class_list":["post-99099","post","type-post","status-publish","format-standard","has-post-thumbnail","hentry","category-cidades","category-policia"],"_links":{"self":[{"href":"https:\/\/www.caririemacao.com\/1\/wp-json\/wp\/v2\/posts\/99099","targetHints":{"allow":["GET"]}}],"collection":[{"href":"https:\/\/www.caririemacao.com\/1\/wp-json\/wp\/v2\/posts"}],"about":[{"href":"https:\/\/www.caririemacao.com\/1\/wp-json\/wp\/v2\/types\/post"}],"author":[{"embeddable":true,"href":"https:\/\/www.caririemacao.com\/1\/wp-json\/wp\/v2\/users\/1"}],"replies":[{"embeddable":true,"href":"https:\/\/www.caririemacao.com\/1\/wp-json\/wp\/v2\/comments?post=99099"}],"version-history":[{"count":1,"href":"https:\/\/www.caririemacao.com\/1\/wp-json\/wp\/v2\/posts\/99099\/revisions"}],"predecessor-version":[{"id":99100,"href":"https:\/\/www.caririemacao.com\/1\/wp-json\/wp\/v2\/posts\/99099\/revisions\/99100"}],"wp:featuredmedia":[{"embeddable":true,"href":"https:\/\/www.caririemacao.com\/1\/wp-json\/wp\/v2\/media\/10983"}],"wp:attachment":[{"href":"https:\/\/www.caririemacao.com\/1\/wp-json\/wp\/v2\/media?parent=99099"}],"wp:term":[{"taxonomy":"category","embeddable":true,"href":"https:\/\/www.caririemacao.com\/1\/wp-json\/wp\/v2\/categories?post=99099"},{"taxonomy":"post_tag","embeddable":true,"href":"https:\/\/www.caririemacao.com\/1\/wp-json\/wp\/v2\/tags?post=99099"}],"curies":[{"name":"wp","href":"https:\/\/api.w.org\/{rel}","templated":true}]}}