{"id":99107,"date":"2019-06-10T10:50:58","date_gmt":"2019-06-10T13:50:58","guid":{"rendered":"http:\/\/www.caririemacao.com\/1\/?p=99107"},"modified":"2019-06-10T10:50:58","modified_gmt":"2019-06-10T13:50:58","slug":"coluna-de-dom-manoel-delson-o-espirito-santo-so-sabe-contar-o-amor","status":"publish","type":"post","link":"https:\/\/www.caririemacao.com\/1\/2019\/06\/10\/coluna-de-dom-manoel-delson-o-espirito-santo-so-sabe-contar-o-amor\/","title":{"rendered":"Coluna de Dom Manoel Delson: O Esp\u00edrito Santo s\u00f3 sabe contar o amor!"},"content":{"rendered":"\n<p> O Esp\u00edrito Santo \u00e9 uma Pessoa. Ele \u00e9 Deus! No cora\u00e7\u00e3o da Trindade, o n\u00famero s\u00f3 sabe contar o amor que se relaciona de maneira indivisa, sem fragmentos. O Esp\u00edrito Santo \u00e9 a terceira Pessoa da Sant\u00edssima Trindade. Em 31 de maio de 1998, S\u00e3o Jo\u00e3o Paulo II brindava-nos com uma calorosa homilia sobre o Esp\u00edrito Santo, quando na ocasi\u00e3o encontravam-se diante dele uma multid\u00e3o de fi\u00e9is de experi\u00eancia carism\u00e1tica no seio da Igreja.<\/p>\n\n\n\n<p>O Papa falava sobre a import\u00e2ncia da gra\u00e7a de Pentecostes e sobre seus maravilhosos frutos entre os homens: \u201cO evento de gra\u00e7a do Pentecostes tem, com efeito, continuado a produzir os seus maravilhosos frutos, suscitando em toda a parte ardor apost\u00f3lico, desejo de contempla\u00e7\u00e3o, empenho em amar e servir com total dedica\u00e7\u00e3o a Deus e aos irm\u00e3os. Ainda hoje o Esp\u00edrito alimenta na Igreja gestos pequenos e grandes de perd\u00e3o e de profecia, d\u00e1 vida a carismas e dons sempre novos, que atestam a Sua a\u00e7\u00e3o incessante no cora\u00e7\u00e3o dos homens.\u201d<\/p>\n\n\n\n<p>Celebrar Pentecostes significa assumir com empenho o nosso batismo e levar com alegria o fogo do amor de Deus por onde quer que passemos. O tempo que vivemos urge por um apostolado que s\u00f3 o Esp\u00edrito de Deus pode colocar em nosso esfor\u00e7o mission\u00e1rio: o apostolado da Verdade.<\/p>\n\n\n\n<p>N\u00e3o se trata de condutas moralistas, mas de empenho mission\u00e1rio que jamais negocia a Verdade do Evangelho. Obviamente que todos n\u00f3s devemos levar a peito esse empenho, mas os leigos e leigas podem mais frequentemente criar condi\u00e7\u00f5es do an\u00fancio da Verdade de Cristo no cora\u00e7\u00e3o da humanidade. O Esp\u00edrito Santo \u00e9 a alma da Igreja e somente Ele cria a civiliza\u00e7\u00e3o do amor por meio de nossas m\u00e3os generosas.<\/p>\n\n\n\n<p>Na mesma homilia, S\u00e3o Jo\u00e3o Paulo II falou sobre a Virgem Maria como santu\u00e1rio do Esp\u00edrito Santo. Ela \u00e9 a precios\u00edssima morada de Cristo entre n\u00f3s; e com a intercess\u00e3o Dela podemos tornar templos desse mesmo Esp\u00edrito pelas estradas do mundo. Com Maria, a Igreja aprende a contar o amor pleno, nascido no cora\u00e7\u00e3o relacion\u00e1vel e trinit\u00e1rio de Deus.<\/p>\n\n\n\n<p>Que o nosso bom testemunho de crist\u00e3os seja reflexo dessa rela\u00e7\u00e3o de amor que nasce do Esp\u00edrito Santo, e que n\u00e3o nos cansemos de construir o apostolado da Verdade de Cristo na Igreja e no mundo.<\/p>\n","protected":false},"excerpt":{"rendered":"<p>O Esp\u00edrito Santo \u00e9 uma Pessoa. Ele \u00e9 Deus! No cora\u00e7\u00e3o da Trindade, o n\u00famero s\u00f3 sabe contar o amor que se relaciona de maneira&hellip; <\/p>\n","protected":false},"author":1,"featured_media":99108,"comment_status":"closed","ping_status":"closed","sticky":false,"template":"","format":"standard","meta":{"sfsi_plus_gutenberg_text_before_share":"","sfsi_plus_gutenberg_show_text_before_share":"","sfsi_plus_gutenberg_icon_type":"","sfsi_plus_gutenberg_icon_alignemt":"","sfsi_plus_gutenburg_max_per_row":"","footnotes":""},"categories":[2],"tags":[],"class_list":["post-99107","post","type-post","status-publish","format-standard","has-post-thumbnail","hentry","category-geral"],"_links":{"self":[{"href":"https:\/\/www.caririemacao.com\/1\/wp-json\/wp\/v2\/posts\/99107","targetHints":{"allow":["GET"]}}],"collection":[{"href":"https:\/\/www.caririemacao.com\/1\/wp-json\/wp\/v2\/posts"}],"about":[{"href":"https:\/\/www.caririemacao.com\/1\/wp-json\/wp\/v2\/types\/post"}],"author":[{"embeddable":true,"href":"https:\/\/www.caririemacao.com\/1\/wp-json\/wp\/v2\/users\/1"}],"replies":[{"embeddable":true,"href":"https:\/\/www.caririemacao.com\/1\/wp-json\/wp\/v2\/comments?post=99107"}],"version-history":[{"count":1,"href":"https:\/\/www.caririemacao.com\/1\/wp-json\/wp\/v2\/posts\/99107\/revisions"}],"predecessor-version":[{"id":99109,"href":"https:\/\/www.caririemacao.com\/1\/wp-json\/wp\/v2\/posts\/99107\/revisions\/99109"}],"wp:featuredmedia":[{"embeddable":true,"href":"https:\/\/www.caririemacao.com\/1\/wp-json\/wp\/v2\/media\/99108"}],"wp:attachment":[{"href":"https:\/\/www.caririemacao.com\/1\/wp-json\/wp\/v2\/media?parent=99107"}],"wp:term":[{"taxonomy":"category","embeddable":true,"href":"https:\/\/www.caririemacao.com\/1\/wp-json\/wp\/v2\/categories?post=99107"},{"taxonomy":"post_tag","embeddable":true,"href":"https:\/\/www.caririemacao.com\/1\/wp-json\/wp\/v2\/tags?post=99107"}],"curies":[{"name":"wp","href":"https:\/\/api.w.org\/{rel}","templated":true}]}}