{"id":99113,"date":"2019-06-10T10:57:00","date_gmt":"2019-06-10T13:57:00","guid":{"rendered":"http:\/\/www.caririemacao.com\/1\/?p=99113"},"modified":"2019-06-10T10:57:00","modified_gmt":"2019-06-10T13:57:00","slug":"senador-defende-unificacao-das-eleicoes-mas-acha-improvavel-projeto-vigorar-em-2020","status":"publish","type":"post","link":"https:\/\/www.caririemacao.com\/1\/2019\/06\/10\/senador-defende-unificacao-das-eleicoes-mas-acha-improvavel-projeto-vigorar-em-2020\/","title":{"rendered":"Senador defende unifica\u00e7\u00e3o das elei\u00e7\u00f5es, mas acha improv\u00e1vel projeto vigorar em 2020"},"content":{"rendered":"\n<p>O senador Veneziano Vital do R\u00eago (PSB) declarou que uma oportunidade de fazer uma reforma pol\u00edtica foi desperdi\u00e7ada em 2015 e citou que atualmente, diante do curto prazo, acha pouco prov\u00e1vel que a proposta de unifica\u00e7\u00e3o das elei\u00e7\u00f5es vigore. <\/p>\n\n\n\n<p>\n\n&nbsp;Sou defensor dessa universaliza\u00e7\u00e3o. N\u00f3s tivemos uma oportunidade \u00edmpar em 2015 de fazer uma reforma pol\u00edtica. Nada justifica voc\u00ea ter um calend\u00e1rio como o que n\u00f3s temos, mas n\u00e3o houve comprometimento e o Congresso perdeu uma chance de ouro. Agora, a menos de quatro meses, \u00e9 pouco prov\u00e1vel, para n\u00e3o dizer sepultadas as expectativas\n\n<\/p>\n","protected":false},"excerpt":{"rendered":"<p>O senador Veneziano Vital do R\u00eago (PSB) declarou que uma oportunidade de fazer uma reforma pol\u00edtica foi desperdi\u00e7ada em 2015 e citou que atualmente, diante&hellip; <\/p>\n","protected":false},"author":1,"featured_media":99114,"comment_status":"closed","ping_status":"closed","sticky":false,"template":"","format":"standard","meta":{"sfsi_plus_gutenberg_text_before_share":"","sfsi_plus_gutenberg_show_text_before_share":"","sfsi_plus_gutenberg_icon_type":"","sfsi_plus_gutenberg_icon_alignemt":"","sfsi_plus_gutenburg_max_per_row":"","footnotes":""},"categories":[11],"tags":[],"class_list":["post-99113","post","type-post","status-publish","format-standard","has-post-thumbnail","hentry","category-politica"],"_links":{"self":[{"href":"https:\/\/www.caririemacao.com\/1\/wp-json\/wp\/v2\/posts\/99113","targetHints":{"allow":["GET"]}}],"collection":[{"href":"https:\/\/www.caririemacao.com\/1\/wp-json\/wp\/v2\/posts"}],"about":[{"href":"https:\/\/www.caririemacao.com\/1\/wp-json\/wp\/v2\/types\/post"}],"author":[{"embeddable":true,"href":"https:\/\/www.caririemacao.com\/1\/wp-json\/wp\/v2\/users\/1"}],"replies":[{"embeddable":true,"href":"https:\/\/www.caririemacao.com\/1\/wp-json\/wp\/v2\/comments?post=99113"}],"version-history":[{"count":1,"href":"https:\/\/www.caririemacao.com\/1\/wp-json\/wp\/v2\/posts\/99113\/revisions"}],"predecessor-version":[{"id":99115,"href":"https:\/\/www.caririemacao.com\/1\/wp-json\/wp\/v2\/posts\/99113\/revisions\/99115"}],"wp:featuredmedia":[{"embeddable":true,"href":"https:\/\/www.caririemacao.com\/1\/wp-json\/wp\/v2\/media\/99114"}],"wp:attachment":[{"href":"https:\/\/www.caririemacao.com\/1\/wp-json\/wp\/v2\/media?parent=99113"}],"wp:term":[{"taxonomy":"category","embeddable":true,"href":"https:\/\/www.caririemacao.com\/1\/wp-json\/wp\/v2\/categories?post=99113"},{"taxonomy":"post_tag","embeddable":true,"href":"https:\/\/www.caririemacao.com\/1\/wp-json\/wp\/v2\/tags?post=99113"}],"curies":[{"name":"wp","href":"https:\/\/api.w.org\/{rel}","templated":true}]}}