{"id":99122,"date":"2019-06-10T12:02:57","date_gmt":"2019-06-10T15:02:57","guid":{"rendered":"http:\/\/www.caririemacao.com\/1\/?p=99122"},"modified":"2019-06-10T12:02:57","modified_gmt":"2019-06-10T15:02:57","slug":"final-de-semana-em-camalau-teve-festa-no-pindurao-maratona-de-santo-antonio-e-arraia-do-povo","status":"publish","type":"post","link":"https:\/\/www.caririemacao.com\/1\/2019\/06\/10\/final-de-semana-em-camalau-teve-festa-no-pindurao-maratona-de-santo-antonio-e-arraia-do-povo\/","title":{"rendered":"Final de semana em Camala\u00fa teve festa no Pindur\u00e3o, maratona de santo Ant\u00f4nio e Arrai\u00e1 do Povo"},"content":{"rendered":"\n<p>Uma grande programa\u00e7\u00e3o foi realizada em Camala\u00fa neste final de semana, mostrando que a cidade \u00e9 mesmo vocacionada \u00e0s festas e grandes eventos desde o in\u00edcio da gest\u00e3o do atual prefeito Sandro M\u00f4co.<br>Foi realizada a programa\u00e7\u00e3o da festa de Santo Ant\u00f4nio na comunidade do Pindur\u00e3o, um dos momentos mais importantes dos 15 dias de festividades do santo padroeiro do munic\u00edpio com as participa\u00e7\u00f5es de Nathan Morais e Forr\u00f3 100.&nbsp;<br><\/p>\n\n\n\n<figure class=\"wp-block-image\"><a href=\"https:\/\/1.bp.blogspot.com\/-uayeuMEiXJQ\/XP4_nb0hG6I\/AAAAAAAAF1A\/PHt9C17zNt84hvGG_MnVzLgjSBwI2iMqwCLcBGAs\/s1600\/11.jpg\"><img decoding=\"async\" data-src=\"https:\/\/1.bp.blogspot.com\/-uayeuMEiXJQ\/XP4_nb0hG6I\/AAAAAAAAF1A\/PHt9C17zNt84hvGG_MnVzLgjSBwI2iMqwCLcBGAs\/s200\/11.jpg\" alt=\"\" src=\"data:image\/svg+xml;base64,PHN2ZyB3aWR0aD0iMSIgaGVpZ2h0PSIxIiB4bWxucz0iaHR0cDovL3d3dy53My5vcmcvMjAwMC9zdmciPjwvc3ZnPg==\" class=\"lazyload\" \/><\/a><\/figure>\n\n\n\n<p>Tamb\u00e9m foi realizada no Domingo, a maratona de Santo Ant\u00f4nio, momento esportivo da programa\u00e7\u00e3o da festa e que contou com a presen\u00e7a de diversos atletas do Cariri, da Para\u00edba, do estado de Pernambuco, entre outros.<br><\/p>\n\n\n\n<p>PRESEN\u00c7A E APOIO DO PREFEITO SANDRO M\u00d4CO<br><\/p>\n\n\n\n<figure class=\"wp-block-image\"><a href=\"https:\/\/1.bp.blogspot.com\/-_sSoIsQGB28\/XP4_ZdBBncI\/AAAAAAAAF08\/Z6Cx9H2JjJYfRxXctoQiBEcgW--EO_O6gCLcBGAs\/s1600\/1.jpg\"><img decoding=\"async\" data-src=\"https:\/\/1.bp.blogspot.com\/-_sSoIsQGB28\/XP4_ZdBBncI\/AAAAAAAAF08\/Z6Cx9H2JjJYfRxXctoQiBEcgW--EO_O6gCLcBGAs\/s280\/1.jpg\" alt=\"\" src=\"data:image\/svg+xml;base64,PHN2ZyB3aWR0aD0iMSIgaGVpZ2h0PSIxIiB4bWxucz0iaHR0cDovL3d3dy53My5vcmcvMjAwMC9zdmciPjwvc3ZnPg==\" class=\"lazyload\" \/><\/a><\/figure>\n\n\n\n<p>O prefeito Sandro M\u00f4co est\u00e1 marcando presen\u00e7a em todos os momentos festivos do evento, e tamb\u00e9m das festas juninas que est\u00e3o sendo realizadas pela gest\u00e3o municipal.<br>Neste final de semana, por exemplo, o Arra\u00eda do Povo, dentro do Festival de Quadrilhas do Novo tempo, fez um grande arrasta-p\u00e9 em v\u00e1rias comunidades, entre elas no S\u00edtio do Meio, no sal\u00e3o de Tet\u00ea.<br><\/p>\n\n\n\n<p>F\u00c1BIO BRITO<br><\/p>\n","protected":false},"excerpt":{"rendered":"<p>Uma grande programa\u00e7\u00e3o foi realizada em Camala\u00fa neste final de semana, mostrando que a cidade \u00e9 mesmo vocacionada \u00e0s festas e grandes eventos desde o&hellip; <\/p>\n","protected":false},"author":1,"featured_media":99123,"comment_status":"closed","ping_status":"closed","sticky":false,"template":"","format":"standard","meta":{"sfsi_plus_gutenberg_text_before_share":"","sfsi_plus_gutenberg_show_text_before_share":"","sfsi_plus_gutenberg_icon_type":"","sfsi_plus_gutenberg_icon_alignemt":"","sfsi_plus_gutenburg_max_per_row":"","footnotes":""},"categories":[6],"tags":[],"class_list":["post-99122","post","type-post","status-publish","format-standard","has-post-thumbnail","hentry","category-cidades"],"_links":{"self":[{"href":"https:\/\/www.caririemacao.com\/1\/wp-json\/wp\/v2\/posts\/99122","targetHints":{"allow":["GET"]}}],"collection":[{"href":"https:\/\/www.caririemacao.com\/1\/wp-json\/wp\/v2\/posts"}],"about":[{"href":"https:\/\/www.caririemacao.com\/1\/wp-json\/wp\/v2\/types\/post"}],"author":[{"embeddable":true,"href":"https:\/\/www.caririemacao.com\/1\/wp-json\/wp\/v2\/users\/1"}],"replies":[{"embeddable":true,"href":"https:\/\/www.caririemacao.com\/1\/wp-json\/wp\/v2\/comments?post=99122"}],"version-history":[{"count":1,"href":"https:\/\/www.caririemacao.com\/1\/wp-json\/wp\/v2\/posts\/99122\/revisions"}],"predecessor-version":[{"id":99124,"href":"https:\/\/www.caririemacao.com\/1\/wp-json\/wp\/v2\/posts\/99122\/revisions\/99124"}],"wp:featuredmedia":[{"embeddable":true,"href":"https:\/\/www.caririemacao.com\/1\/wp-json\/wp\/v2\/media\/99123"}],"wp:attachment":[{"href":"https:\/\/www.caririemacao.com\/1\/wp-json\/wp\/v2\/media?parent=99122"}],"wp:term":[{"taxonomy":"category","embeddable":true,"href":"https:\/\/www.caririemacao.com\/1\/wp-json\/wp\/v2\/categories?post=99122"},{"taxonomy":"post_tag","embeddable":true,"href":"https:\/\/www.caririemacao.com\/1\/wp-json\/wp\/v2\/tags?post=99122"}],"curies":[{"name":"wp","href":"https:\/\/api.w.org\/{rel}","templated":true}]}}