{"id":99130,"date":"2019-06-10T12:05:41","date_gmt":"2019-06-10T15:05:41","guid":{"rendered":"http:\/\/www.caririemacao.com\/1\/?p=99130"},"modified":"2019-06-10T12:05:41","modified_gmt":"2019-06-10T15:05:41","slug":"tigrense-enfrentara-o-sao-paulo-de-sj-do-cariri-segunda-fase-da-copa-integracao-de-futebol-2019-confira-os-confrontos","status":"publish","type":"post","link":"https:\/\/www.caririemacao.com\/1\/2019\/06\/10\/tigrense-enfrentara-o-sao-paulo-de-sj-do-cariri-segunda-fase-da-copa-integracao-de-futebol-2019-confira-os-confrontos\/","title":{"rendered":"Tigrense enfrentar\u00e1 o S\u00e3o Paulo de SJ do Cariri segunda fase da Copa Integra\u00e7\u00e3o de Futebol 2019. Confira os confrontos"},"content":{"rendered":"\n<p>A Copa Integra\u00e7\u00e3o de Futebol 2019 reconheceu neste domingo(09) as equipes de futebol que se classificaram para a pr\u00f3xima fase do certame. Na oportunidade, os confrontos da fase eliminat\u00f3ria foram definidos.<br>Em sua 8\u00aa edi\u00e7\u00e3o, a Copa Integra\u00e7\u00e3o de Futebol j\u00e1 caiu verdadeiramente nas gra\u00e7as dos desportistas e j\u00e1 \u00e9 considerada a principal competi\u00e7\u00e3o de futebol amador da regi\u00e3o do Cariri paraibano.<br>A Copa Integra\u00e7\u00e3o a cada ano ela cresce e vem se tornando um evento atrativo que movimenta n\u00e3o s\u00f3 o futebol, mas aquece o com\u00e9rcio local e a economia das cidades do cariri. O evento esportivo consegue reunir um grande n\u00famero de desportistas nas pra\u00e7as esportivas da regi\u00e3o durante os dias de jogos.<br>V\u00e1rios munic\u00edpios da regi\u00e3o estar\u00e3o sendo representados na segunda fase da Copa e segundo a coordena\u00e7\u00e3o, a promessa de p\u00fablico dobrar\u00e1 durante os decisivos jogos da segunda fase do certame.<br>A segunda fase da competi\u00e7\u00e3o j\u00e1 ter\u00e1 in\u00edcio no pr\u00f3ximo domingo, dia 16 de junho, com as partidas de ida, sendo realizadas simultaneamente \u00e1s 15:30h. Confira como ficaram definidos os confrontos da segunda fase da Copa Integra\u00e7\u00e3o de Futebol 2019:<br>EM BOA VISTA: Gonzag\u00e3o x Selebranca<br>EM S\u00c3O J. DO TIGRE: Tigrense x S\u00e3o Paulo de S\u00e3o J. do Cariri<br>EM PARARI: Sele\u00e7\u00e3o de Parari x Cruzeiro de Camala\u00fa<br>EM BOQUEIR\u00c3O: Palmeiras x Barcelona de Soledade<br><\/p>\n\n\n\n<p>Cariri Esporte<\/p>\n","protected":false},"excerpt":{"rendered":"<p>A Copa Integra\u00e7\u00e3o de Futebol 2019 reconheceu neste domingo(09) as equipes de futebol que se classificaram para a pr\u00f3xima fase do certame. Na oportunidade, os&hellip; <\/p>\n","protected":false},"author":1,"featured_media":99129,"comment_status":"closed","ping_status":"closed","sticky":false,"template":"","format":"standard","meta":{"sfsi_plus_gutenberg_text_before_share":"","sfsi_plus_gutenberg_show_text_before_share":"","sfsi_plus_gutenberg_icon_type":"","sfsi_plus_gutenberg_icon_alignemt":"","sfsi_plus_gutenburg_max_per_row":"","footnotes":""},"categories":[13],"tags":[],"class_list":["post-99130","post","type-post","status-publish","format-standard","has-post-thumbnail","hentry","category-esportes"],"_links":{"self":[{"href":"https:\/\/www.caririemacao.com\/1\/wp-json\/wp\/v2\/posts\/99130","targetHints":{"allow":["GET"]}}],"collection":[{"href":"https:\/\/www.caririemacao.com\/1\/wp-json\/wp\/v2\/posts"}],"about":[{"href":"https:\/\/www.caririemacao.com\/1\/wp-json\/wp\/v2\/types\/post"}],"author":[{"embeddable":true,"href":"https:\/\/www.caririemacao.com\/1\/wp-json\/wp\/v2\/users\/1"}],"replies":[{"embeddable":true,"href":"https:\/\/www.caririemacao.com\/1\/wp-json\/wp\/v2\/comments?post=99130"}],"version-history":[{"count":1,"href":"https:\/\/www.caririemacao.com\/1\/wp-json\/wp\/v2\/posts\/99130\/revisions"}],"predecessor-version":[{"id":99132,"href":"https:\/\/www.caririemacao.com\/1\/wp-json\/wp\/v2\/posts\/99130\/revisions\/99132"}],"wp:featuredmedia":[{"embeddable":true,"href":"https:\/\/www.caririemacao.com\/1\/wp-json\/wp\/v2\/media\/99129"}],"wp:attachment":[{"href":"https:\/\/www.caririemacao.com\/1\/wp-json\/wp\/v2\/media?parent=99130"}],"wp:term":[{"taxonomy":"category","embeddable":true,"href":"https:\/\/www.caririemacao.com\/1\/wp-json\/wp\/v2\/categories?post=99130"},{"taxonomy":"post_tag","embeddable":true,"href":"https:\/\/www.caririemacao.com\/1\/wp-json\/wp\/v2\/tags?post=99130"}],"curies":[{"name":"wp","href":"https:\/\/api.w.org\/{rel}","templated":true}]}}