{"id":99135,"date":"2019-06-10T12:10:37","date_gmt":"2019-06-10T15:10:37","guid":{"rendered":"http:\/\/www.caririemacao.com\/1\/?p=99135"},"modified":"2019-06-10T12:10:37","modified_gmt":"2019-06-10T15:10:37","slug":"festival-de-quadrilhas-abre-oficialmente-programacao-do-sao-joao-de-monteiro","status":"publish","type":"post","link":"https:\/\/www.caririemacao.com\/1\/2019\/06\/10\/festival-de-quadrilhas-abre-oficialmente-programacao-do-sao-joao-de-monteiro\/","title":{"rendered":"Festival de Quadrilhas abre oficialmente programa\u00e7\u00e3o do S\u00e3o Jo\u00e3o de Monteiro"},"content":{"rendered":"\n<p>Muita anima\u00e7\u00e3o e forr\u00f3 p\u00e9-de-serra marcaram o in\u00edcio do Festival de Quadrilhas de Monteiro, abrindo oficialmente a programa\u00e7\u00e3o do S\u00e3o Jo\u00e3o de Monteiro 2019 \u2013 Uma Festa Cada Vez Melhor.<\/p>\n\n\n\n<p>A programa\u00e7\u00e3o teve in\u00edcio no s\u00e1bado, dia 08, na Rua Capit\u00e3o Albino de Souza. Um grande p\u00fablico marcou presen\u00e7a na quadrilha, que teve como marcadora Nadilsa.<\/p>\n\n\n\n<p>No domingo, dia 10, foi a vez da Rua Sizenando Rafael, que ficou pequena para a multid\u00e3o que acompanhou e participou da festan\u00e7a.<\/p>\n\n\n\n<p>A Prefeita Anna Lorena disse que o Festival de Quadrilhas abrilhanta mais ainda o S\u00e3o Jo\u00e3o de Monteiro, e aproveitou a oportunidade para convidar toda a popula\u00e7\u00e3o para participar de toda a programa\u00e7\u00e3o, que segue at\u00e9 o dia 29, encerrando no S\u00edtio S\u00e3o Francisco.<\/p>\n\n\n\n<div class=\"wp-block-image\"><figure class=\"alignleft\"><img decoding=\"async\" data-src=\"https:\/\/i2.wp.com\/www.vitrinedocariri.com.br\/wp-content\/uploads\/2019\/06\/005-1.jpeg?zoom=2&amp;resize=330%2C220&amp;ssl=1\" alt=\"\" class=\"wp-image-45801 lazyload\" src=\"data:image\/svg+xml;base64,PHN2ZyB3aWR0aD0iMSIgaGVpZ2h0PSIxIiB4bWxucz0iaHR0cDovL3d3dy53My5vcmcvMjAwMC9zdmciPjwvc3ZnPg==\" \/><\/figure><\/div>\n\n\n\n<p>\u201cPodem ter certeza que esse S\u00e3o Jo\u00e3o ficar\u00e1 na hist\u00f3ria de Monteiro, marcando um momento que a gente vai transformar e levar o S\u00e3o Jo\u00e3o de Monteiro aos quatro cantos do Pa\u00eds\u201d, afirmou Anna Lorena.<\/p>\n\n\n\n<p>Al\u00e9m da prefeita Anna Lorena, estiveram presentes os vereadores Caj\u00f3 Menezes, Bero de Bertino, H\u00e9lio Sandro, Toinho de Nequinho, Farias, secret\u00e1rios municipais, imprensa e p\u00fablico em geral.<\/p>\n\n\n\n<p>A sequ\u00eancia de apresenta\u00e7\u00f5es \u00e9 di\u00e1ria e acontece sempre a partir das 19 horas. Nesta segunda-feira (10), \u00e9 a vez da rua Hon\u00f3rio Lopes, na ter\u00e7a \u00e0 Joventino Pereira, na quarta-feira, 12, \u00e9 a vez da Quadrilha do Desenvolvimento Social, que acontece em frente ao Centro de Gastronomia no Alto de S\u00e3o Vicente. J\u00e1 na quinta-feira, 13, o bairro do Mutir\u00e3o recepciona a popula\u00e7\u00e3o. Na sexta (14) \u00e9 a vez da Vila Santa Maria e no s\u00e1bado, dia 15 a Rua de Campina.<\/p>\n\n\n\n<p>Na reta final no domingo, dia 16, a Rua dos Pereiros vai ficar animada e Quadrilha dos Trocados acontece na segunda-feira, dia 17, nas imedia\u00e7\u00f5es do Mercado P\u00fablico. Mas as quadrilhas s\u00f3 encerram com a Quadrilha da Baga\u00e7a que acontece na quarta-feira, 19, percorrendo as principais ruas da cidade com muito forr\u00f3 e alegria.<\/p>\n\n\n\n<div class=\"wp-block-image\"><figure class=\"aligncenter\"><img decoding=\"async\" data-src=\"https:\/\/i2.wp.com\/www.vitrinedocariri.com.br\/wp-content\/uploads\/2019\/06\/003-5.jpeg?zoom=2&amp;resize=330%2C220&amp;ssl=1\" alt=\"\" class=\"wp-image-45799 lazyload\" src=\"data:image\/svg+xml;base64,PHN2ZyB3aWR0aD0iMSIgaGVpZ2h0PSIxIiB4bWxucz0iaHR0cDovL3d3dy53My5vcmcvMjAwMC9zdmciPjwvc3ZnPg==\" \/><\/figure><\/div>\n\n\n\n<div class=\"wp-block-image\"><figure class=\"aligncenter\"><img decoding=\"async\" data-src=\"https:\/\/i0.wp.com\/www.vitrinedocariri.com.br\/wp-content\/uploads\/2019\/06\/007.jpeg?zoom=2&amp;resize=330%2C220&amp;ssl=1\" alt=\"\" class=\"wp-image-45802 lazyload\" src=\"data:image\/svg+xml;base64,PHN2ZyB3aWR0aD0iMSIgaGVpZ2h0PSIxIiB4bWxucz0iaHR0cDovL3d3dy53My5vcmcvMjAwMC9zdmciPjwvc3ZnPg==\" \/><\/figure><\/div>\n\n\n\n<div class=\"wp-block-image\"><figure class=\"aligncenter\"><img decoding=\"async\" data-src=\"https:\/\/i2.wp.com\/www.vitrinedocariri.com.br\/wp-content\/uploads\/2019\/06\/004-2.jpeg?zoom=2&amp;resize=330%2C220&amp;ssl=1\" alt=\"\" class=\"wp-image-45800 lazyload\" src=\"data:image\/svg+xml;base64,PHN2ZyB3aWR0aD0iMSIgaGVpZ2h0PSIxIiB4bWxucz0iaHR0cDovL3d3dy53My5vcmcvMjAwMC9zdmciPjwvc3ZnPg==\" \/><\/figure><\/div>\n\n\n\n<div class=\"wp-block-image\"><figure class=\"aligncenter\"><img decoding=\"async\" data-src=\"https:\/\/i0.wp.com\/www.vitrinedocariri.com.br\/wp-content\/uploads\/2019\/06\/17218262.jpeg?zoom=2&amp;resize=330%2C220&amp;ssl=1\" alt=\"\" class=\"wp-image-45804 lazyload\" src=\"data:image\/svg+xml;base64,PHN2ZyB3aWR0aD0iMSIgaGVpZ2h0PSIxIiB4bWxucz0iaHR0cDovL3d3dy53My5vcmcvMjAwMC9zdmciPjwvc3ZnPg==\" \/><\/figure><\/div>\n","protected":false},"excerpt":{"rendered":"<p>Muita anima\u00e7\u00e3o e forr\u00f3 p\u00e9-de-serra marcaram o in\u00edcio do Festival de Quadrilhas de Monteiro, abrindo oficialmente a programa\u00e7\u00e3o do S\u00e3o Jo\u00e3o de Monteiro 2019 \u2013&hellip; <\/p>\n","protected":false},"author":1,"featured_media":99136,"comment_status":"closed","ping_status":"closed","sticky":false,"template":"","format":"standard","meta":{"sfsi_plus_gutenberg_text_before_share":"","sfsi_plus_gutenberg_show_text_before_share":"","sfsi_plus_gutenberg_icon_type":"","sfsi_plus_gutenberg_icon_alignemt":"","sfsi_plus_gutenburg_max_per_row":"","footnotes":""},"categories":[2],"tags":[],"class_list":["post-99135","post","type-post","status-publish","format-standard","has-post-thumbnail","hentry","category-geral"],"_links":{"self":[{"href":"https:\/\/www.caririemacao.com\/1\/wp-json\/wp\/v2\/posts\/99135","targetHints":{"allow":["GET"]}}],"collection":[{"href":"https:\/\/www.caririemacao.com\/1\/wp-json\/wp\/v2\/posts"}],"about":[{"href":"https:\/\/www.caririemacao.com\/1\/wp-json\/wp\/v2\/types\/post"}],"author":[{"embeddable":true,"href":"https:\/\/www.caririemacao.com\/1\/wp-json\/wp\/v2\/users\/1"}],"replies":[{"embeddable":true,"href":"https:\/\/www.caririemacao.com\/1\/wp-json\/wp\/v2\/comments?post=99135"}],"version-history":[{"count":1,"href":"https:\/\/www.caririemacao.com\/1\/wp-json\/wp\/v2\/posts\/99135\/revisions"}],"predecessor-version":[{"id":99137,"href":"https:\/\/www.caririemacao.com\/1\/wp-json\/wp\/v2\/posts\/99135\/revisions\/99137"}],"wp:featuredmedia":[{"embeddable":true,"href":"https:\/\/www.caririemacao.com\/1\/wp-json\/wp\/v2\/media\/99136"}],"wp:attachment":[{"href":"https:\/\/www.caririemacao.com\/1\/wp-json\/wp\/v2\/media?parent=99135"}],"wp:term":[{"taxonomy":"category","embeddable":true,"href":"https:\/\/www.caririemacao.com\/1\/wp-json\/wp\/v2\/categories?post=99135"},{"taxonomy":"post_tag","embeddable":true,"href":"https:\/\/www.caririemacao.com\/1\/wp-json\/wp\/v2\/tags?post=99135"}],"curies":[{"name":"wp","href":"https:\/\/api.w.org\/{rel}","templated":true}]}}