{"id":99141,"date":"2019-06-10T12:27:36","date_gmt":"2019-06-10T15:27:36","guid":{"rendered":"http:\/\/www.caririemacao.com\/1\/?p=99141"},"modified":"2019-06-10T12:27:36","modified_gmt":"2019-06-10T15:27:36","slug":"prefeitura-de-monteiro-instala-nova-cobertura-na-feira-agroecologica","status":"publish","type":"post","link":"https:\/\/www.caririemacao.com\/1\/2019\/06\/10\/prefeitura-de-monteiro-instala-nova-cobertura-na-feira-agroecologica\/","title":{"rendered":"Prefeitura de Monteiro instala nova cobertura na Feira Agroecol\u00f3gica"},"content":{"rendered":"\n<p>A Prefeitura Municipal de Monteiro instalou uma nova cobertura na Feira Agroecol\u00f3gica, que fica localizada ao lado do Centro Cultural Alexandre da Silva Brito. A cobertura beneficiar\u00e1 15 produtores com barracas no local.<\/p>\n\n\n\n<p>Cely Figueira, comercializa h\u00e1 cerca de oito anos na feira, agradeceu o apoio da Prefeita Anna Lorena, que tem buscado fortalecer a feira. &#8220;O alimento saud\u00e1vel \u00e9 um elo que une o campo e a cidade, e a Prefeita Anna Lorena tem buscado fortalecer essa rela\u00e7\u00e3o e essa feira \u00e9 um passo nesse sentido&#8221;, disse Cely Figueira.<\/p>\n\n\n\n<p>Para Prefeita Anna Lorena, a prefeitura tem buscado colaborar com os comerciantes da cidade, e a instala\u00e7\u00e3o da nova cobertura da feira agroecol\u00f3gica tem o objetivo de garantir melhor comodidade para os agricultores que comercializam seus produtos no local.<\/p>\n\n\n\n<p>Os produtos comercializados na Feira Agroecol\u00f3gica de Monteiro s\u00e3o produzidos no pr\u00f3prio munic\u00edpio, com certificado de produto org\u00e2nico, sendo comercializado todas as quartas-feiras e s\u00e1bados.<\/p>\n","protected":false},"excerpt":{"rendered":"<p>A Prefeitura Municipal de Monteiro instalou uma nova cobertura na Feira Agroecol\u00f3gica, que fica localizada ao lado do Centro Cultural Alexandre da Silva Brito. A&hellip; <\/p>\n","protected":false},"author":1,"featured_media":99142,"comment_status":"closed","ping_status":"closed","sticky":false,"template":"","format":"standard","meta":{"sfsi_plus_gutenberg_text_before_share":"","sfsi_plus_gutenberg_show_text_before_share":"","sfsi_plus_gutenberg_icon_type":"","sfsi_plus_gutenberg_icon_alignemt":"","sfsi_plus_gutenburg_max_per_row":"","footnotes":""},"categories":[6],"tags":[],"class_list":["post-99141","post","type-post","status-publish","format-standard","has-post-thumbnail","hentry","category-cidades"],"_links":{"self":[{"href":"https:\/\/www.caririemacao.com\/1\/wp-json\/wp\/v2\/posts\/99141","targetHints":{"allow":["GET"]}}],"collection":[{"href":"https:\/\/www.caririemacao.com\/1\/wp-json\/wp\/v2\/posts"}],"about":[{"href":"https:\/\/www.caririemacao.com\/1\/wp-json\/wp\/v2\/types\/post"}],"author":[{"embeddable":true,"href":"https:\/\/www.caririemacao.com\/1\/wp-json\/wp\/v2\/users\/1"}],"replies":[{"embeddable":true,"href":"https:\/\/www.caririemacao.com\/1\/wp-json\/wp\/v2\/comments?post=99141"}],"version-history":[{"count":1,"href":"https:\/\/www.caririemacao.com\/1\/wp-json\/wp\/v2\/posts\/99141\/revisions"}],"predecessor-version":[{"id":99143,"href":"https:\/\/www.caririemacao.com\/1\/wp-json\/wp\/v2\/posts\/99141\/revisions\/99143"}],"wp:featuredmedia":[{"embeddable":true,"href":"https:\/\/www.caririemacao.com\/1\/wp-json\/wp\/v2\/media\/99142"}],"wp:attachment":[{"href":"https:\/\/www.caririemacao.com\/1\/wp-json\/wp\/v2\/media?parent=99141"}],"wp:term":[{"taxonomy":"category","embeddable":true,"href":"https:\/\/www.caririemacao.com\/1\/wp-json\/wp\/v2\/categories?post=99141"},{"taxonomy":"post_tag","embeddable":true,"href":"https:\/\/www.caririemacao.com\/1\/wp-json\/wp\/v2\/tags?post=99141"}],"curies":[{"name":"wp","href":"https:\/\/api.w.org\/{rel}","templated":true}]}}