{"id":99147,"date":"2019-06-10T22:32:38","date_gmt":"2019-06-11T01:32:38","guid":{"rendered":"http:\/\/www.caririemacao.com\/1\/?p=99147"},"modified":"2019-06-11T09:32:18","modified_gmt":"2019-06-11T12:32:18","slug":"dia-d-contra-o-trabalho-infantil-em-sume-foi-realizado-no-ultimo-sabado","status":"publish","type":"post","link":"https:\/\/www.caririemacao.com\/1\/2019\/06\/10\/dia-d-contra-o-trabalho-infantil-em-sume-foi-realizado-no-ultimo-sabado\/","title":{"rendered":"Dia D contra o Trabalho Infantil em Sum\u00e9 foi realizado no \u00faltimo s\u00e1bado"},"content":{"rendered":"\n<p> A Campanha Contra o Trabalho Infantil do Munic\u00edpio de Sum\u00e9 realizou o Dia no \u00faltimo s\u00e1bado (10\/06), no Distrito de Pio X.<\/p>\n\n\n\n<p> Com a presen\u00e7a de grande p\u00fablico, a coordena\u00e7\u00e3o da campanha explanou para pais e respons\u00e1veis sobre as proibi\u00e7\u00f5es de trabalho infantil, as consequ\u00eancias que produzem nos menores a pr\u00e1tica, a import\u00e2ncia de ser respeitada a inf\u00e2ncia e a adolesc\u00eancia e a perman\u00eancia da crian\u00e7a na escola.<\/p>\n\n\n\n<p>Tamb\u00e9m foram entregues material informativo da campanha, que continua at\u00e9 o pr\u00f3ximo dia 19, que tiveram a\u00e7\u00f5es intensificadas durante este m\u00eas de junho. <\/p>\n\n\n\n<p>Em uma a\u00e7\u00e3o conjunta, a Prefeitura de Sum\u00e9 tamb\u00e9m levou para o Distrito de Pio X apresenta\u00e7\u00f5es do grupo de Idosos Alegria de Viver e dos Servi\u00e7os de Conviv\u00eancia e Fortalecimento de V\u00ednculos. Foram entregues pela Secretaria de Assist\u00eancia Social os certificados do curso de salgados para as alunas.<\/p>\n\n\n\n<p>O prefeito \u00c9den Duarte esteve presente ao evento do Pio X, juntamente com secret\u00e1rios, vereadores e auxiliares.<\/p>\n\n\n\n<p>Ainda nesta semana, escolas da rede municipal de ensino continuam a receber a equipe de coordena\u00e7\u00e3o da campanha para trabalhar o tema com os estudantes.<\/p>\n\n\n\n<p><strong>Ascom<\/strong><\/p>\n","protected":false},"excerpt":{"rendered":"<p>A Campanha Contra o Trabalho Infantil do Munic\u00edpio de Sum\u00e9 realizou o Dia no \u00faltimo s\u00e1bado (10\/06), no Distrito de Pio X. Com a presen\u00e7a&hellip; <\/p>\n","protected":false},"author":1,"featured_media":99149,"comment_status":"closed","ping_status":"closed","sticky":false,"template":"","format":"standard","meta":{"sfsi_plus_gutenberg_text_before_share":"","sfsi_plus_gutenberg_show_text_before_share":"","sfsi_plus_gutenberg_icon_type":"","sfsi_plus_gutenberg_icon_alignemt":"","sfsi_plus_gutenburg_max_per_row":"","footnotes":""},"categories":[2],"tags":[],"class_list":["post-99147","post","type-post","status-publish","format-standard","has-post-thumbnail","hentry","category-geral"],"_links":{"self":[{"href":"https:\/\/www.caririemacao.com\/1\/wp-json\/wp\/v2\/posts\/99147","targetHints":{"allow":["GET"]}}],"collection":[{"href":"https:\/\/www.caririemacao.com\/1\/wp-json\/wp\/v2\/posts"}],"about":[{"href":"https:\/\/www.caririemacao.com\/1\/wp-json\/wp\/v2\/types\/post"}],"author":[{"embeddable":true,"href":"https:\/\/www.caririemacao.com\/1\/wp-json\/wp\/v2\/users\/1"}],"replies":[{"embeddable":true,"href":"https:\/\/www.caririemacao.com\/1\/wp-json\/wp\/v2\/comments?post=99147"}],"version-history":[{"count":2,"href":"https:\/\/www.caririemacao.com\/1\/wp-json\/wp\/v2\/posts\/99147\/revisions"}],"predecessor-version":[{"id":99412,"href":"https:\/\/www.caririemacao.com\/1\/wp-json\/wp\/v2\/posts\/99147\/revisions\/99412"}],"wp:featuredmedia":[{"embeddable":true,"href":"https:\/\/www.caririemacao.com\/1\/wp-json\/wp\/v2\/media\/99149"}],"wp:attachment":[{"href":"https:\/\/www.caririemacao.com\/1\/wp-json\/wp\/v2\/media?parent=99147"}],"wp:term":[{"taxonomy":"category","embeddable":true,"href":"https:\/\/www.caririemacao.com\/1\/wp-json\/wp\/v2\/categories?post=99147"},{"taxonomy":"post_tag","embeddable":true,"href":"https:\/\/www.caririemacao.com\/1\/wp-json\/wp\/v2\/tags?post=99147"}],"curies":[{"name":"wp","href":"https:\/\/api.w.org\/{rel}","templated":true}]}}