{"id":99152,"date":"2019-06-10T12:36:29","date_gmt":"2019-06-10T15:36:29","guid":{"rendered":"http:\/\/www.caririemacao.com\/1\/?p=99152"},"modified":"2019-06-10T12:36:29","modified_gmt":"2019-06-10T15:36:29","slug":"economistas-reduzem-previsao-do-pib-a-1-patamar-abaixo-de-2017-e-2018","status":"publish","type":"post","link":"https:\/\/www.caririemacao.com\/1\/2019\/06\/10\/economistas-reduzem-previsao-do-pib-a-1-patamar-abaixo-de-2017-e-2018\/","title":{"rendered":"Economistas reduzem previs\u00e3o do PIB a 1%, patamar abaixo de 2017 e 2018"},"content":{"rendered":"\n<p>Analistas do mercado financeiro ouvidos pelo Banco Central revisaram mais uma vez a previs\u00e3o do Produto Interno Bruto (PIB) para 2019. A queda foi de 0,13 ponto percentual. De acordo com o Boletim Focus, divulgado nesta segunda-feira, 10, a economia brasileira deve avan\u00e7ar 1% neste ano. Na semana anterior, a previs\u00e3o era de 1,13%.<\/p>\n\n\n\n<p>A estimativa de crescimento da economia brasileira para este ano \u00e9 menor que o PIB medido em 2017 e 2018, quando o avan\u00e7o foi de 1,10%. Em 2018, na segunda semana de junho, o Boletim Focus previa crescimento da economia de 1,94% para o ano, em relat\u00f3rio posterior \u00e0 greve dos caminhoneiros. No mesmo per\u00edodo de 2017, a expectativa de avan\u00e7o era de 0,41% no relat\u00f3rio divulgado pelo BC.<\/p>\n\n\n\n<p>Com essa nova revis\u00e3o, j\u00e1 s\u00e3o quinze semanas consecutivas em que o mercado financeiro prev\u00ea crescimento menor. As revis\u00f5es come\u00e7aram em fevereiro. Em janeiro deste ano, economistas chegaram a projetar o PIB em 2,57% no Boletim Focus.<\/p>\n\n\n\n<p>O PIB \u00e9 a soma de todos os bens e servi\u00e7os produzidos no pa\u00eds durante um per\u00edodo e serve para medir a evolu\u00e7\u00e3o da economia. A proje\u00e7\u00e3o do mercado para o avan\u00e7o da economia em 2020, tamb\u00e9m foi revista: de 2,50% para 2,23%. Para 2021 e 2022, a previs\u00e3o ficou est\u00e1vel a expectativa \u00e9 que o aven\u00e7o seja de 2,50%.<\/p>\n\n\n\n<p>Al\u00e9m da queda no PIB, a previs\u00e3o para infla\u00e7\u00e3o tamb\u00e9m foi revista pelos economistas: de 4,07% para 3,89%, segunda revis\u00e3o consecutiva para baixo. O indicador segue abaixo da meta de infla\u00e7\u00e3o estipulada pelo governo, de 4,25%. O \u00edndice est\u00e1 dentro da margem de toler\u00e2ncia prevista pelo Conselho Monet\u00e1rio Nacional (CMN), entre 2,75% e 5,75%, 1,5 ponto percentual para cima ou para baixo.<\/p>\n\n\n\n<p>Os outros indicadores permanecem est\u00e1veis segundo estimativa do mercado. A expectativa \u00e9 de que o d\u00f3lar comercial feche o ano cotado a 3,80 reais. A Selic, taxa b\u00e1sica de juros da economia, foi mantida em 6,5% para o fim deste ano. A taxa b\u00e1sica est\u00e1 nesse patamar, o menor da hist\u00f3ria, desde mar\u00e7o do ano passado.<\/p>\n","protected":false},"excerpt":{"rendered":"<p>Analistas do mercado financeiro ouvidos pelo Banco Central revisaram mais uma vez a previs\u00e3o do Produto Interno Bruto (PIB) para 2019. A queda foi de&hellip; <\/p>\n","protected":false},"author":1,"featured_media":7840,"comment_status":"closed","ping_status":"closed","sticky":false,"template":"","format":"standard","meta":{"sfsi_plus_gutenberg_text_before_share":"","sfsi_plus_gutenberg_show_text_before_share":"","sfsi_plus_gutenberg_icon_type":"","sfsi_plus_gutenberg_icon_alignemt":"","sfsi_plus_gutenburg_max_per_row":"","footnotes":""},"categories":[11],"tags":[],"class_list":["post-99152","post","type-post","status-publish","format-standard","has-post-thumbnail","hentry","category-politica"],"_links":{"self":[{"href":"https:\/\/www.caririemacao.com\/1\/wp-json\/wp\/v2\/posts\/99152","targetHints":{"allow":["GET"]}}],"collection":[{"href":"https:\/\/www.caririemacao.com\/1\/wp-json\/wp\/v2\/posts"}],"about":[{"href":"https:\/\/www.caririemacao.com\/1\/wp-json\/wp\/v2\/types\/post"}],"author":[{"embeddable":true,"href":"https:\/\/www.caririemacao.com\/1\/wp-json\/wp\/v2\/users\/1"}],"replies":[{"embeddable":true,"href":"https:\/\/www.caririemacao.com\/1\/wp-json\/wp\/v2\/comments?post=99152"}],"version-history":[{"count":1,"href":"https:\/\/www.caririemacao.com\/1\/wp-json\/wp\/v2\/posts\/99152\/revisions"}],"predecessor-version":[{"id":99153,"href":"https:\/\/www.caririemacao.com\/1\/wp-json\/wp\/v2\/posts\/99152\/revisions\/99153"}],"wp:featuredmedia":[{"embeddable":true,"href":"https:\/\/www.caririemacao.com\/1\/wp-json\/wp\/v2\/media\/7840"}],"wp:attachment":[{"href":"https:\/\/www.caririemacao.com\/1\/wp-json\/wp\/v2\/media?parent=99152"}],"wp:term":[{"taxonomy":"category","embeddable":true,"href":"https:\/\/www.caririemacao.com\/1\/wp-json\/wp\/v2\/categories?post=99152"},{"taxonomy":"post_tag","embeddable":true,"href":"https:\/\/www.caririemacao.com\/1\/wp-json\/wp\/v2\/tags?post=99152"}],"curies":[{"name":"wp","href":"https:\/\/api.w.org\/{rel}","templated":true}]}}