{"id":99156,"date":"2019-06-10T12:38:16","date_gmt":"2019-06-10T15:38:16","guid":{"rendered":"http:\/\/www.caririemacao.com\/1\/?p=99156"},"modified":"2019-06-10T12:38:16","modified_gmt":"2019-06-10T15:38:16","slug":"ex-governador-ricardo-coutinho-pede-afastamento-de-moro-e-dallagnol","status":"publish","type":"post","link":"https:\/\/www.caririemacao.com\/1\/2019\/06\/10\/ex-governador-ricardo-coutinho-pede-afastamento-de-moro-e-dallagnol\/","title":{"rendered":"Ex-governador Ricardo Coutinho pede afastamento de Moro e Dallagnol"},"content":{"rendered":"\n<p>O ex-governador da Para\u00edba, Ricardo Coutinho, se manifestou nas redes sociais sobre os \u00e1udios vazados com supostas conversas entre S\u00e9rgio Moro, Deltan Dallagnol e outros envolvidos na Lava Jato.&nbsp;<\/p>\n\n\n\n<p>Ricardo afirmou que as mensagens s\u00e3o um &#8220;atentado&#8221;&nbsp;contra a Justi\u00e7a, usando-a para outros fins, al\u00e9m de pedir o afastamento do ministro S\u00e9rgio Moro e do procurador.<\/p>\n\n\n\n<p>\u201cO STF precisa agir para salvar o Sistema Judici\u00e1rio. Afastar das suas fun\u00e7\u00f5es e processar quem formou uma orcrim para manipular a justi\u00e7a, quebrar a economia do Pa\u00eds, prender o melhor Presidente da nossa hist\u00f3ria sem provas e eleger um perigoso despreparado para governar o Brasil\u201d, disse o ex-governador.<br><\/p>\n\n\n\n<figure class=\"wp-block-image\"><img decoding=\"async\" data-src=\"https:\/\/www.clickpb.com.br\/media\/filer_public\/cf\/15\/cf15a188-33a4-4523-9581-79a4c9c3add1\/whatsapp_image_2019-06-10_at_101906.jpeg\" alt=\"\" src=\"data:image\/svg+xml;base64,PHN2ZyB3aWR0aD0iMSIgaGVpZ2h0PSIxIiB4bWxucz0iaHR0cDovL3d3dy53My5vcmcvMjAwMC9zdmciPjwvc3ZnPg==\" class=\"lazyload\" \/><\/figure>\n\n\n\n<figure class=\"wp-block-image\"><img decoding=\"async\" data-src=\"https:\/\/www.clickpb.com.br\/media\/filer_public\/7a\/f6\/7af66a4c-84df-4b45-a9d7-22f322ce9b03\/twitter.png\" alt=\"\" src=\"data:image\/svg+xml;base64,PHN2ZyB3aWR0aD0iMSIgaGVpZ2h0PSIxIiB4bWxucz0iaHR0cDovL3d3dy53My5vcmcvMjAwMC9zdmciPjwvc3ZnPg==\" class=\"lazyload\" \/><\/figure>\n","protected":false},"excerpt":{"rendered":"<p>O ex-governador da Para\u00edba, Ricardo Coutinho, se manifestou nas redes sociais sobre os \u00e1udios vazados com supostas conversas entre S\u00e9rgio Moro, Deltan Dallagnol e outros&hellip; <\/p>\n","protected":false},"author":1,"featured_media":53143,"comment_status":"closed","ping_status":"closed","sticky":false,"template":"","format":"standard","meta":{"sfsi_plus_gutenberg_text_before_share":"","sfsi_plus_gutenberg_show_text_before_share":"","sfsi_plus_gutenberg_icon_type":"","sfsi_plus_gutenberg_icon_alignemt":"","sfsi_plus_gutenburg_max_per_row":"","footnotes":""},"categories":[11],"tags":[],"class_list":["post-99156","post","type-post","status-publish","format-standard","has-post-thumbnail","hentry","category-politica"],"_links":{"self":[{"href":"https:\/\/www.caririemacao.com\/1\/wp-json\/wp\/v2\/posts\/99156","targetHints":{"allow":["GET"]}}],"collection":[{"href":"https:\/\/www.caririemacao.com\/1\/wp-json\/wp\/v2\/posts"}],"about":[{"href":"https:\/\/www.caririemacao.com\/1\/wp-json\/wp\/v2\/types\/post"}],"author":[{"embeddable":true,"href":"https:\/\/www.caririemacao.com\/1\/wp-json\/wp\/v2\/users\/1"}],"replies":[{"embeddable":true,"href":"https:\/\/www.caririemacao.com\/1\/wp-json\/wp\/v2\/comments?post=99156"}],"version-history":[{"count":1,"href":"https:\/\/www.caririemacao.com\/1\/wp-json\/wp\/v2\/posts\/99156\/revisions"}],"predecessor-version":[{"id":99157,"href":"https:\/\/www.caririemacao.com\/1\/wp-json\/wp\/v2\/posts\/99156\/revisions\/99157"}],"wp:featuredmedia":[{"embeddable":true,"href":"https:\/\/www.caririemacao.com\/1\/wp-json\/wp\/v2\/media\/53143"}],"wp:attachment":[{"href":"https:\/\/www.caririemacao.com\/1\/wp-json\/wp\/v2\/media?parent=99156"}],"wp:term":[{"taxonomy":"category","embeddable":true,"href":"https:\/\/www.caririemacao.com\/1\/wp-json\/wp\/v2\/categories?post=99156"},{"taxonomy":"post_tag","embeddable":true,"href":"https:\/\/www.caririemacao.com\/1\/wp-json\/wp\/v2\/tags?post=99156"}],"curies":[{"name":"wp","href":"https:\/\/api.w.org\/{rel}","templated":true}]}}