{"id":99161,"date":"2019-06-10T12:42:27","date_gmt":"2019-06-10T15:42:27","guid":{"rendered":"http:\/\/www.caririemacao.com\/1\/?p=99161"},"modified":"2019-06-10T12:42:27","modified_gmt":"2019-06-10T15:42:27","slug":"filhos-de-bolsonaro-saem-em-defesa-de-moro-e-criticam-vazamento-de-mensagens","status":"publish","type":"post","link":"https:\/\/www.caririemacao.com\/1\/2019\/06\/10\/filhos-de-bolsonaro-saem-em-defesa-de-moro-e-criticam-vazamento-de-mensagens\/","title":{"rendered":"Filhos de Bolsonaro saem em defesa de Moro e criticam vazamento de mensagens"},"content":{"rendered":"\n<p>Os filhos pol\u00edticos do presidente Jair Bolsonaro (PSL) sa\u00edram em defesa do ministro Sergio Moro (Justi\u00e7a) e criticaram a imprensa ap\u00f3s a divulga\u00e7\u00e3o pelo site Intercept Brasil de mensagens atribu\u00eddas ao ex-juiz e ao procurador Deltan Dallagnol, do Minist\u00e9rio P\u00fablico Federal (MPF).<\/p>\n\n\n\n<p>O conte\u00fado divulgado pelo site mostra que os dois trocavam colabora\u00e7\u00f5es quando integravam a for\u00e7a-tarefa da Opera\u00e7\u00e3o Lava Jato. Moro, que hoje \u00e9 ministro da Justi\u00e7a do governo Jair Bolsonaro (PSL), foi o juiz respons\u00e1vel pela opera\u00e7\u00e3o em Curitiba.&nbsp;Ele deixou a fun\u00e7\u00e3o ao aceitar o convite do presidente, em novembro, ap\u00f3s a elei\u00e7\u00e3o.<\/p>\n\n\n\n<p>O site informou que obteve o material de uma fonte an\u00f4nima, que pediu sigilo. O pacote inclui mensagens privadas e de grupos da for\u00e7a-tarefa no aplicativo Telegram, de 2015 a 2018.<\/p>\n\n\n\n<p>&#8220;\u00c9 impress\u00e3o minha, ou s\u00f3 no Brasil, uma imprensa utiliza uma invas\u00e3o ilegal de algo privado, ignorando a invalidade judicial e ilegalidade, mas n\u00e3o se importa em divulgar, com o \u00fanico intuito de queimar o governo Bolsonaro e favorecer o sistema? Acho que j\u00e1 vi isso antes&#8221;, escreveu o vereador Carlos Bolsonaro (PSC-RJ).<\/p>\n\n\n\n<p>O vereador ainda replicou uma mensagem postada pelo senador Alessandro Vieira (Cidadania-RS) que fala em &#8220;ataque orquestrado \u00e0 Lava Jato&#8221;.<\/p>\n\n\n\n<p>&#8220;Est\u00e1 acontecendo um ataque orquestrado contra a opera\u00e7\u00e3o Lava Jato. O objetivo claro \u00e9 tumultuar processos e investiga\u00e7\u00f5es, barrando o combate \u00e0 corrup\u00e7\u00e3o no Brasil. A utiliza\u00e7\u00e3o organizada e criminosa de t\u00e1ticas hackers \u00e9 mais uma etapa dessa guerra&#8221;, escreveu o senador.<\/p>\n\n\n\n<p>O deputado federal Eduardo Bolsonaro (PSL-SP) fez uma s\u00e9rie de publica\u00e7\u00f5es nesta segunda-feira (10) em suas contas das redes sociais. Em algumas delas usou a hashtag &#8220;Eu apoio a Lava Jato&#8221;.<\/p>\n\n\n\n<p>Eduardo tamb\u00e9m fez cr\u00edticas ao jornalista Glenn Greenwald, fundador e editor do Intercept Brasil. &#8220;Glenn Greenwald, ex-CNN, foi o porta voz do Snowden para vazar tudo que ele sabia sobre dados confidenciais dos EUA no caso conhecido como WikiLeaks. Al\u00e9m disso, Glenn vendeu no exterior a tese que o impeachment da Dilma foi golpe&#8221;, escreveu o deputado.<\/p>\n\n\n\n<p>O jornalista, por\u00e9m, n\u00e3o trabalhou na CNN e tampouco tem liga\u00e7\u00e3o com o WikiLeaks. Seu trabalho mais famoso foi divulgar em 2013, pelo jornal brit\u00e2nico The Guardian, detalhes do programa de espionagem da NSA, a ag\u00eancia de seguran\u00e7a nacional dos Estados Unidos. Com essa reportagem ele venceu o Pullitzer, principal pr\u00eamio jornal\u00edstico americano, no ano seguinte.<\/p>\n\n\n\n<p>Filho mais velho do presidente, o senador Fl\u00e1vio Bolsonaro (PSL-RJ) divulgou em sua conta do Twitter a nota publicada no domingo por Moro e chamou o vazamento de &#8220;criminoso&#8221;.<\/p>\n\n\n\n<p>O site Intercept Brasil divulgou no domingo (9) uma troca de mensagens atribu\u00eddas a Moro e a Dallagnol em que eles aparecem compartilhando colabora\u00e7\u00f5es quando integravam a for\u00e7a-tarefa da Opera\u00e7\u00e3o Lava Jato.<\/p>\n\n\n\n<p>Ap\u00f3s a publica\u00e7\u00e3o das reportagens, a equipe de procuradores da opera\u00e7\u00e3o divulgou nota chamando a revela\u00e7\u00e3o de mensagens de &#8220;ataque criminoso \u00e0 Lava Jato&#8221; e disse que o caso p\u00f5e em risco a seguran\u00e7a de seus integrantes. Tamb\u00e9m em nota, Moro negou que haja no material revelado &#8220;qualquer anormalidade ou direcionamento&#8221; da sua atua\u00e7\u00e3o como juiz.<\/p>\n\n\n\n<p>Para o ministro Marco Aur\u00e9lio Mello, do STF, a troca de colabora\u00e7\u00f5es entre Moro e Dallagnol p\u00f5e em xeque a equidist\u00e2ncia da Justi\u00e7a. &#8220;Apenas coloca em d\u00favida, principalmente ao olhar do leigo, a equidist\u00e2ncia do \u00f3rg\u00e3o julgador, que tem ser absoluta. Agora, as consequ\u00eancias, eu n\u00e3o sei. Temos que aguardar&#8221;, afirmou o magistrado.<\/p>\n\n\n\n<p>Nas conversas privadas, membros da for\u00e7a-tarefa fazem refer\u00eancias a casos como o processo que culminou com a condena\u00e7\u00e3o do ex-presidente Luiz In\u00e1cio Lula da Silva (PT) por causa do tr\u00edplex de Guaruj\u00e1, no qual o petista \u00e9 acusado de receber R$ 3,7 milh\u00f5es de propina da empreiteira OAS em decorr\u00eancia de contratos da empresa com a Petrobras.<\/p>\n\n\n\n<p>O valor, apontou a acusa\u00e7\u00e3o, se referia \u00e0 cess\u00e3o pela OAS do apartamento tr\u00edplex ao ex-presidente, a reformas feitas pela construtora nesse im\u00f3vel e ao transporte e armazenamento de seu acervo presidencial. Ele foi condenado pelos crimes de corrup\u00e7\u00e3o e lavagem de dinheiro.<\/p>\n\n\n\n<p>Preso em decorr\u00eancia da senten\u00e7a de Moro, Lula foi impedido de concorrer \u00e0 Presid\u00eancia na elei\u00e7\u00e3o do ano passado. A senten\u00e7a de Moro foi confirmada em segunda inst\u00e2ncia pelo Tribunal Regional Federal da 4\u00aa Regi\u00e3o e depois chancelada tamb\u00e9m pelo STJ (Superior Tribunal de Justi\u00e7a), que reduziu a pena para oito anos, 10 meses e 20 dias de pris\u00e3o.<\/p>\n\n\n\n<p>Segundo a reportagem do Intercept Brasil, Moro sugeriu ao MPF (Minist\u00e9rio P\u00fablico Federal) trocar a ordem de fases da Lava Jato, cobrou a realiza\u00e7\u00e3o de novas opera\u00e7\u00f5es, deu conselhos e pistas e antecipou ao menos uma decis\u00e3o judicial. Especialistas em direito disseram \u00e0 reportagem que n\u00e3o haveria, a princ\u00edpio, nenhuma ilegalidade, mas pode ter havido desvio \u00e9tico.<\/p>\n","protected":false},"excerpt":{"rendered":"<p>Os filhos pol\u00edticos do presidente Jair Bolsonaro (PSL) sa\u00edram em defesa do ministro Sergio Moro (Justi\u00e7a) e criticaram a imprensa ap\u00f3s a divulga\u00e7\u00e3o pelo site&hellip; <\/p>\n","protected":false},"author":1,"featured_media":99162,"comment_status":"closed","ping_status":"closed","sticky":false,"template":"","format":"standard","meta":{"sfsi_plus_gutenberg_text_before_share":"","sfsi_plus_gutenberg_show_text_before_share":"","sfsi_plus_gutenberg_icon_type":"","sfsi_plus_gutenberg_icon_alignemt":"","sfsi_plus_gutenburg_max_per_row":"","footnotes":""},"categories":[11],"tags":[],"class_list":["post-99161","post","type-post","status-publish","format-standard","has-post-thumbnail","hentry","category-politica"],"_links":{"self":[{"href":"https:\/\/www.caririemacao.com\/1\/wp-json\/wp\/v2\/posts\/99161","targetHints":{"allow":["GET"]}}],"collection":[{"href":"https:\/\/www.caririemacao.com\/1\/wp-json\/wp\/v2\/posts"}],"about":[{"href":"https:\/\/www.caririemacao.com\/1\/wp-json\/wp\/v2\/types\/post"}],"author":[{"embeddable":true,"href":"https:\/\/www.caririemacao.com\/1\/wp-json\/wp\/v2\/users\/1"}],"replies":[{"embeddable":true,"href":"https:\/\/www.caririemacao.com\/1\/wp-json\/wp\/v2\/comments?post=99161"}],"version-history":[{"count":1,"href":"https:\/\/www.caririemacao.com\/1\/wp-json\/wp\/v2\/posts\/99161\/revisions"}],"predecessor-version":[{"id":99163,"href":"https:\/\/www.caririemacao.com\/1\/wp-json\/wp\/v2\/posts\/99161\/revisions\/99163"}],"wp:featuredmedia":[{"embeddable":true,"href":"https:\/\/www.caririemacao.com\/1\/wp-json\/wp\/v2\/media\/99162"}],"wp:attachment":[{"href":"https:\/\/www.caririemacao.com\/1\/wp-json\/wp\/v2\/media?parent=99161"}],"wp:term":[{"taxonomy":"category","embeddable":true,"href":"https:\/\/www.caririemacao.com\/1\/wp-json\/wp\/v2\/categories?post=99161"},{"taxonomy":"post_tag","embeddable":true,"href":"https:\/\/www.caririemacao.com\/1\/wp-json\/wp\/v2\/tags?post=99161"}],"curies":[{"name":"wp","href":"https:\/\/api.w.org\/{rel}","templated":true}]}}