{"id":99170,"date":"2019-06-10T12:45:35","date_gmt":"2019-06-10T15:45:35","guid":{"rendered":"http:\/\/www.caririemacao.com\/1\/?p=99170"},"modified":"2019-06-10T12:45:35","modified_gmt":"2019-06-10T15:45:35","slug":"defesa-de-lula-diz-que-processos-da-lava-jato-estao-corrompidos","status":"publish","type":"post","link":"https:\/\/www.caririemacao.com\/1\/2019\/06\/10\/defesa-de-lula-diz-que-processos-da-lava-jato-estao-corrompidos\/","title":{"rendered":"Defesa de Lula diz que processos da Lava-Jato est\u00e3o &#8216;corrompidos&#8217;"},"content":{"rendered":"\n<p>Em nota, a defesa do ex-presidente Luiz In\u00e1cio Lula da Silva comentou, na noite deste domingo (9), a publica\u00e7\u00e3o do site The Intercept que mostra troca de mensagens atribu\u00eddas a Sergio Moro e Deltan Dallagnol sobre investiga\u00e7\u00f5es da Lava Jato envolvendo o petista. O conte\u00fado sugere falta de isen\u00e7\u00e3o dos procuradores em epis\u00f3dios como a proibi\u00e7\u00e3o de que Lula concedesse uma entrevista \u00e0s v\u00e9speras das elei\u00e7\u00f5es de 2018.<\/p>\n\n\n\n<p>Mais cedo, a For\u00e7a-Tarefa da Lava Jato classificou a a\u00e7\u00e3o como um \u201cataque criminoso\u201d \u00e0 opera\u00e7\u00e3o. Sergio Moro tamb\u00e9m se manifestou sobre as den\u00fancias e declarou que lamenta \u201ca falta de indica\u00e7\u00e3o de fonte de pessoa respons\u00e1vel pela invas\u00e3o criminosa de celulares de procuradores\u201d. Ele classifica o conte\u00fado como \u201csupostas mensagens\u201d e diz que \u201cn\u00e3o se vislumbra qualquer anormalidade ou direcionamento da atua\u00e7\u00e3o enquanto magistrado, apesar de terem sido retiradas de contexto e do sensacionalismo das mat\u00e9rias, que ignoram o gigantesco esquema de corrup\u00e7\u00e3o revelado pela Opera\u00e7\u00e3o Lava Jato\u201d.<\/p>\n\n\n\n<p>Cristiano Zanin Martins e Valeska Teixeira Martins, advogados de Lula, afirmam que as conversas divulgadas demonstram \u201cuma atua\u00e7\u00e3o combinada entre os procuradores e o ex-juiz S\u00e9rgio Moro com o objetivo pr\u00e9-estabelecido e com clara motiva\u00e7\u00e3o pol\u00edtica, de processar, condenar e retirar a liberdade do ex-presidente Luiz In\u00e1cio Lula da Silva\u201d.<\/p>\n\n\n\n<p>\u201cNingu\u00e9m pode ter d\u00favida de que os processos contra o ex-presidente Lula est\u00e3o corrompidos pelo que h\u00e1 de mais grave em termos de viola\u00e7\u00f5es a garantias fundamentais e \u00e0 negativa de direitos\u201d, declaram os advogados, que pedem, de forma \u201curgente\u201d, o restabelecimento da liberdade do petista.<\/p>\n\n\n\n<p>O texto afirma, ainda, que Lula \u201cn\u00e3o praticou qualquer crime e que \u00e9 v\u00edtima de \u201clawfare\u201d, que \u00e9 a manipula\u00e7\u00e3o das leis e dos procedimentos jur\u00eddicos para fins de persegui\u00e7\u00e3o pol\u00edtica\u201d.<\/p>\n\n\n\n<p><strong>Veja, abaixo, a \u00edntegra da nota divulgada pela defesa de Lula:<\/strong><\/p>\n\n\n\n<p><em>Em diversos recursos e em comunicado formalizado perante o Comit\u00ea de Direitos Humanos da ONU em julho de 2016 demonstramos, com in\u00fameras provas, que na Opera\u00e7\u00e3o Lava Jato houve uma atua\u00e7\u00e3o combinada entre os procuradores e o ex-juiz S\u00e9rgio Moro com o objetivo pr\u00e9-estabelecido e com clara motiva\u00e7\u00e3o pol\u00edtica, de processar, condenar e retirar a liberdade do ex-Presidente Luiz In\u00e1cio Lula da Silva. A reportagem publicada hoje (09\/06\/2019) pelo portal \u201cThe Intercept\u201d revela detalhes dessa trama que foi afirmada em todas as pe\u00e7as que subscrevemos na condi\u00e7\u00e3o de advogados de Lula a partir dos elementos que coletamos nos inqu\u00e9ritos, nos processos e na conduta extraprocessual dos procuradores da Lava Jato e do ex-juiz Sergio Moro.<\/em><\/p>\n\n\n\n<p><em>A atua\u00e7\u00e3o ajustada dos procuradores e do ex-juiz da causa, com objetivos pol\u00edticos, sujeitou Lula e sua fam\u00edlia \u00e0s mais diversas arbitrariedades. A esse cen\u00e1rio devem ser somadas diversas outras grosseiras ilegalidades, como a intercepta\u00e7\u00e3o do principal ramal do nosso escrit\u00f3rio de advocacia para que fosse acompanhada em tempo real a estrat\u00e9gia da defesa de Lula, al\u00e9m da pr\u00e1tica de outros atos de intimida\u00e7\u00e3o e com o claro objetivo de inviabilizar a defesa do ex-Presidente.<\/em><\/p>\n\n\n\n<p><em>Ningu\u00e9m pode ter d\u00favida de que os processos contra o ex-Presidente Lula est\u00e3o corrompidos pelo que h\u00e1 de mais grave em termos de viola\u00e7\u00f5es a garantias fundamentais e \u00e0 negativa de direitos. O restabelecimento da liberdade plena de Lula \u00e9 urgente, assim como o reconhecimento mais pleno e cabal de que ele n\u00e3o praticou qualquer crime e que \u00e9 v\u00edtima de \u201clawfare\u201d, que \u00e9 a manipula\u00e7\u00e3o das leis e dos procedimentos jur\u00eddicos para fins de persegui\u00e7\u00e3o pol\u00edtica.<\/em><\/p>\n","protected":false},"excerpt":{"rendered":"<p>Em nota, a defesa do ex-presidente Luiz In\u00e1cio Lula da Silva comentou, na noite deste domingo (9), a publica\u00e7\u00e3o do site The Intercept que mostra&hellip; <\/p>\n","protected":false},"author":1,"featured_media":99171,"comment_status":"closed","ping_status":"closed","sticky":false,"template":"","format":"standard","meta":{"sfsi_plus_gutenberg_text_before_share":"","sfsi_plus_gutenberg_show_text_before_share":"","sfsi_plus_gutenberg_icon_type":"","sfsi_plus_gutenberg_icon_alignemt":"","sfsi_plus_gutenburg_max_per_row":"","footnotes":""},"categories":[50,11],"tags":[],"class_list":["post-99170","post","type-post","status-publish","format-standard","has-post-thumbnail","hentry","category-destaque","category-politica"],"_links":{"self":[{"href":"https:\/\/www.caririemacao.com\/1\/wp-json\/wp\/v2\/posts\/99170","targetHints":{"allow":["GET"]}}],"collection":[{"href":"https:\/\/www.caririemacao.com\/1\/wp-json\/wp\/v2\/posts"}],"about":[{"href":"https:\/\/www.caririemacao.com\/1\/wp-json\/wp\/v2\/types\/post"}],"author":[{"embeddable":true,"href":"https:\/\/www.caririemacao.com\/1\/wp-json\/wp\/v2\/users\/1"}],"replies":[{"embeddable":true,"href":"https:\/\/www.caririemacao.com\/1\/wp-json\/wp\/v2\/comments?post=99170"}],"version-history":[{"count":1,"href":"https:\/\/www.caririemacao.com\/1\/wp-json\/wp\/v2\/posts\/99170\/revisions"}],"predecessor-version":[{"id":99172,"href":"https:\/\/www.caririemacao.com\/1\/wp-json\/wp\/v2\/posts\/99170\/revisions\/99172"}],"wp:featuredmedia":[{"embeddable":true,"href":"https:\/\/www.caririemacao.com\/1\/wp-json\/wp\/v2\/media\/99171"}],"wp:attachment":[{"href":"https:\/\/www.caririemacao.com\/1\/wp-json\/wp\/v2\/media?parent=99170"}],"wp:term":[{"taxonomy":"category","embeddable":true,"href":"https:\/\/www.caririemacao.com\/1\/wp-json\/wp\/v2\/categories?post=99170"},{"taxonomy":"post_tag","embeddable":true,"href":"https:\/\/www.caririemacao.com\/1\/wp-json\/wp\/v2\/tags?post=99170"}],"curies":[{"name":"wp","href":"https:\/\/api.w.org\/{rel}","templated":true}]}}