{"id":99182,"date":"2019-06-10T12:49:33","date_gmt":"2019-06-10T15:49:33","guid":{"rendered":"http:\/\/www.caririemacao.com\/1\/?p=99182"},"modified":"2019-06-10T12:49:33","modified_gmt":"2019-06-10T15:49:33","slug":"moro-nega-anormalidade-ou-direcionamento-em-troca-de-mensagens-com-dallagnol","status":"publish","type":"post","link":"https:\/\/www.caririemacao.com\/1\/2019\/06\/10\/moro-nega-anormalidade-ou-direcionamento-em-troca-de-mensagens-com-dallagnol\/","title":{"rendered":"Moro nega \u2018anormalidade ou direcionamento\u2019 em troca de mensagens com Dallagnol"},"content":{"rendered":"\n<p>O ministro da Justi\u00e7a e Seguran\u00e7a P\u00fablica, Sergio Moro, negou que nas\u00a0mensagens trocadas com o procurador Deltan Dallagnol, divulgadas neste domingo (9) pelo site The Intercept Brasil, haja \u201cqualquer anormalidade ou direcionamento\u201d da sua atua\u00e7\u00e3o como juiz.<\/p>\n\n\n\n<p>Mensagens atribu\u00eddas a Moro e a Dallagnol, coordenador da for\u00e7a-tarefa da Lava Jato, mostram que os dois trocavam colabora\u00e7\u00f5es quando o ex-juiz estava \u00e0 frente da 13\u00aa Vara Federal de Curitiba.<\/p>\n\n\n\n<p>De acordo com o site, o conte\u00fado das mensagens indica que Moro interferiu na atua\u00e7\u00e3o da for\u00e7a-tarefa, sugerindo que Dallagnol invertesse a ordem de opera\u00e7\u00f5es e dando a ele pistas de investiga\u00e7\u00e3o.<\/p>\n\n\n\n<p>\u201cQuanto ao conte\u00fado das mensagens que me citam, n\u00e3o se vislumbra qualquer anormalidade ou direcionamento da atua\u00e7\u00e3o enquanto magistrado, apesar de terem sido retiradas de contexto e do sensacionalismo das mat\u00e9rias, que ignoram o gigantesco esquema de corrup\u00e7\u00e3o revelado pela Opera\u00e7\u00e3o Lava Jato\u201d, diz Moro, em nota publicada na noite deste domingo.<\/p>\n\n\n\n<p>O Intercept informou que obteve o material de uma fonte an\u00f4nima, que pediu sigilo. O pacote inclui mensagens privadas e de grupos da for\u00e7a-tarefa no aplicativo Telegram de 2015 a 2018.<\/p>\n\n\n\n<p>Em sua nota, Moro lamentou o que chamou de \u201cfalta de indica\u00e7\u00e3o de fonte de pessoa respons\u00e1vel pela invas\u00e3o criminosa de celulares de procuradores\u201d.<\/p>\n\n\n\n<p>O jornalista Glenn Greenwald, fundador e editor do Intercept Brasil, disse \u00e0 Folha de S.Paulo que o site respeitar\u00e1 o direito ao sigilo da fonte que repassou as conversas e que, por isso, n\u00e3o pode detalhar a origem do material.<\/p>\n\n\n\n<p>Ele afirmou, no entanto, ter \u201cabsoluto n\u00edvel de confian\u00e7a\u201d na veracidade do conte\u00fado.<\/p>\n\n\n\n<p>Greenwald disse ainda que a obten\u00e7\u00e3o do material n\u00e3o tem nenhuma rela\u00e7\u00e3o com a invas\u00e3o, na ter\u00e7a-feira (4), ao celular de Moro. O pr\u00f3prio ministro afirmou que nenhuma informa\u00e7\u00e3o foi roubada do aparelho.<\/p>\n\n\n\n<p>\u201cO arquivo que possu\u00edmos n\u00e3o tem nada a ver com esse epis\u00f3dio do hacker. Recebemos tudo semanas atr\u00e1s. A fonte nos procurou h\u00e1 cerca de um m\u00eas\u201d, disse o editor.<\/p>\n\n\n\n<p>Mais cedo, em comunicado, a equipe de procuradores da opera\u00e7\u00e3o chamou a revela\u00e7\u00e3o das mensagens de \u201cataque criminoso \u00e0 Lava Jato\u201d e disse que o caso p\u00f5e em risco a seguran\u00e7a de seus integrantes.<\/p>\n\n\n\n<p>A nota afirma que os membros do MPF (Minist\u00e9rio P\u00fablico Federal) \u201cforam v\u00edtimas de a\u00e7\u00e3o criminosa de um hacker que praticou os mais graves ataques \u00e0 atividade do Minist\u00e9rio P\u00fablico, \u00e0 vida privada e \u00e0 seguran\u00e7a de seus integrantes\u201d.<\/p>\n\n\n\n<p>\u201cA viola\u00e7\u00e3o criminosa das comunica\u00e7\u00f5es de autoridades constitu\u00eddas \u00e9 uma grave e il\u00edcita afronta ao Estado e se coaduna com o objetivo de obstar a continuidade da Opera\u00e7\u00e3o, expondo a vida dos seus membros e fam\u00edlias a riscos pessoais\u201d, diz o texto.<\/p>\n\n\n\n<p>Leia a \u00edntegra da nota de Moro:<\/p>\n\n\n\n<p>\u201cSobre supostas mensagens que me envolveriam publicadas pelo site Intercept neste domingo, 9 de junho, lamenta-se a falta de indica\u00e7\u00e3o de fonte de pessoa respons\u00e1vel pela invas\u00e3o criminosa de celulares de procuradores. Assim como a postura do site que n\u00e3o entrou em contato antes da publica\u00e7\u00e3o, contrariando regra b\u00e1sica do jornalismo.<\/p>\n\n\n\n<p>Quanto ao conte\u00fado das mensagens que me citam, n\u00e3o se vislumbra qualquer&nbsp;anormalidade ou direcionamento da atua\u00e7\u00e3o enquanto magistrado, apesar de terem sido retiradas de contexto e do sensacionalismo das mat\u00e9rias, que ignoram o gigantesco esquema de corrup\u00e7\u00e3o revelado pela Opera\u00e7\u00e3o Lava Jato.\u201d<\/p>\n","protected":false},"excerpt":{"rendered":"<p>O ministro da Justi\u00e7a e Seguran\u00e7a P\u00fablica, Sergio Moro, negou que nas\u00a0mensagens trocadas com o procurador Deltan Dallagnol, divulgadas neste domingo (9) pelo site The&hellip; <\/p>\n","protected":false},"author":1,"featured_media":87763,"comment_status":"closed","ping_status":"closed","sticky":false,"template":"","format":"standard","meta":{"sfsi_plus_gutenberg_text_before_share":"","sfsi_plus_gutenberg_show_text_before_share":"","sfsi_plus_gutenberg_icon_type":"","sfsi_plus_gutenberg_icon_alignemt":"","sfsi_plus_gutenburg_max_per_row":"","footnotes":""},"categories":[11],"tags":[],"class_list":["post-99182","post","type-post","status-publish","format-standard","has-post-thumbnail","hentry","category-politica"],"_links":{"self":[{"href":"https:\/\/www.caririemacao.com\/1\/wp-json\/wp\/v2\/posts\/99182","targetHints":{"allow":["GET"]}}],"collection":[{"href":"https:\/\/www.caririemacao.com\/1\/wp-json\/wp\/v2\/posts"}],"about":[{"href":"https:\/\/www.caririemacao.com\/1\/wp-json\/wp\/v2\/types\/post"}],"author":[{"embeddable":true,"href":"https:\/\/www.caririemacao.com\/1\/wp-json\/wp\/v2\/users\/1"}],"replies":[{"embeddable":true,"href":"https:\/\/www.caririemacao.com\/1\/wp-json\/wp\/v2\/comments?post=99182"}],"version-history":[{"count":1,"href":"https:\/\/www.caririemacao.com\/1\/wp-json\/wp\/v2\/posts\/99182\/revisions"}],"predecessor-version":[{"id":99183,"href":"https:\/\/www.caririemacao.com\/1\/wp-json\/wp\/v2\/posts\/99182\/revisions\/99183"}],"wp:featuredmedia":[{"embeddable":true,"href":"https:\/\/www.caririemacao.com\/1\/wp-json\/wp\/v2\/media\/87763"}],"wp:attachment":[{"href":"https:\/\/www.caririemacao.com\/1\/wp-json\/wp\/v2\/media?parent=99182"}],"wp:term":[{"taxonomy":"category","embeddable":true,"href":"https:\/\/www.caririemacao.com\/1\/wp-json\/wp\/v2\/categories?post=99182"},{"taxonomy":"post_tag","embeddable":true,"href":"https:\/\/www.caririemacao.com\/1\/wp-json\/wp\/v2\/tags?post=99182"}],"curies":[{"name":"wp","href":"https:\/\/api.w.org\/{rel}","templated":true}]}}