{"id":99188,"date":"2019-06-10T12:53:38","date_gmt":"2019-06-10T15:53:38","guid":{"rendered":"http:\/\/www.caririemacao.com\/1\/?p=99188"},"modified":"2019-06-10T12:53:38","modified_gmt":"2019-06-10T15:53:38","slug":"brasilia-joao-azevedo-e-governadores-se-reunem-nesta-terca-11-para-debater-reforma-da-previdencia","status":"publish","type":"post","link":"https:\/\/www.caririemacao.com\/1\/2019\/06\/10\/brasilia-joao-azevedo-e-governadores-se-reunem-nesta-terca-11-para-debater-reforma-da-previdencia\/","title":{"rendered":"BRAS\u00cdLIA: Jo\u00e3o Azev\u00eado e governadores se re\u00fanem nesta ter\u00e7a (11) para debater Reforma da Previd\u00eancia"},"content":{"rendered":"\n<p>Os chefes dos Governos Estaduais dever\u00e3o chegar a Bras\u00edlia nesta ter\u00e7a-feira (11) para a 5\u00aa Reuni\u00e3o do F\u00f3rum de Governadores. Entre eles, Jo\u00e3o Azev\u00eado (PSB) da Para\u00edba tamb\u00e9m estar\u00e1 na reuni\u00e3o. Eles pretendem afinar os discursos em rela\u00e7\u00e3o \u00e0 Reforma da Previd\u00eancia. Com a proximidade da apresenta\u00e7\u00e3o do relat\u00f3rio \u00e0 comiss\u00e3o especial da C\u00e2mara Federal, eles pretendem rebater uma carta p\u00fablica divulgada na \u00faltima quinta-feira (6) pelo F\u00f3rum, que desagradou a alguns governadores do Nordeste.<\/p>\n\n\n\n<p>O documento ressalta a import\u00e2ncia de os Estados serem garantidos no texto por causa do d\u00e9ficit nos regimes de aposentadoria e pens\u00e3o de seus servidores. Apesar da assinatura de sete dos nove chefes do Executivo da regi\u00e3o, eles negam que tenham acatado o documento.<\/p>\n\n\n\n<p>A rea\u00e7\u00e3o veio no mesmo dia, por meio de outra carta, assinada por todos os governadores nordestinos. Nela, al\u00e9m do ponto comum que estava na carta do F\u00f3rum, eles acrescentaram pontos espec\u00edficos que querem ver retirados da proposta, como as mudan\u00e7as no Benef\u00edcio de Presta\u00e7\u00e3o Continua (BPC) e nas aposentadorias rurais. Eles questionaram tamb\u00e9m a desconstitucionaliza\u00e7\u00e3o da Previd\u00eancia e o sistema de capitaliza\u00e7\u00e3o, no qual se baseia o regime futuro.<\/p>\n\n\n\n<p><strong>Pauta \u2013&nbsp;<\/strong>A pauta do encontro em Bras\u00edlia \u00e9 extensa e foi previamente distribu\u00edda. Discuss\u00f5es em torno de temas que afetam diretamente o caixa dos governadores \u00e9 um dos pontos. O chamado de Plano Mansueto \u2013 pacote de ajuda aos Estados em dificuldades financeiras \u2013 a Lei Kandir, Cess\u00e3o Onerosa\/ B\u00f4nus de Assinatura al\u00e9m da PEC 51\/19, que trata da amplia\u00e7\u00e3o do Fundo de Participa\u00e7\u00e3o dos Estados (FPE) no Or\u00e7amento da Uni\u00e3o e do Novo Marco Legal do Saneamento B\u00e1sico s\u00e3o outos assuntos.<\/p>\n\n\n\n<p>A lista tamb\u00e9m traz a reforma da Previd\u00eancia, que deve dominar a maior parte da reuni\u00e3o. Embora o d\u00e9ficit previdenci\u00e1rio dos Estados ultrapasse os R$ 90 bilh\u00f5es por ano, l\u00edderes da C\u00e2mara resistem em aprovar regras mais duras para aposentadorias de servidores estaduais e municipais. No Congresso, a avalia\u00e7\u00e3o dos que resistem \u00e0 ideia \u00e9 de que governadores e prefeitos n\u00e3o podem transferir para deputados e senadores o desgaste pol\u00edtico de medidas impopulares nos \u00f3rg\u00e3os legislativos.<\/p>\n","protected":false},"excerpt":{"rendered":"<p>Os chefes dos Governos Estaduais dever\u00e3o chegar a Bras\u00edlia nesta ter\u00e7a-feira (11) para a 5\u00aa Reuni\u00e3o do F\u00f3rum de Governadores. Entre eles, Jo\u00e3o Azev\u00eado (PSB)&hellip; <\/p>\n","protected":false},"author":1,"featured_media":99189,"comment_status":"closed","ping_status":"closed","sticky":false,"template":"","format":"standard","meta":{"sfsi_plus_gutenberg_text_before_share":"","sfsi_plus_gutenberg_show_text_before_share":"","sfsi_plus_gutenberg_icon_type":"","sfsi_plus_gutenberg_icon_alignemt":"","sfsi_plus_gutenburg_max_per_row":"","footnotes":""},"categories":[11],"tags":[],"class_list":["post-99188","post","type-post","status-publish","format-standard","has-post-thumbnail","hentry","category-politica"],"_links":{"self":[{"href":"https:\/\/www.caririemacao.com\/1\/wp-json\/wp\/v2\/posts\/99188","targetHints":{"allow":["GET"]}}],"collection":[{"href":"https:\/\/www.caririemacao.com\/1\/wp-json\/wp\/v2\/posts"}],"about":[{"href":"https:\/\/www.caririemacao.com\/1\/wp-json\/wp\/v2\/types\/post"}],"author":[{"embeddable":true,"href":"https:\/\/www.caririemacao.com\/1\/wp-json\/wp\/v2\/users\/1"}],"replies":[{"embeddable":true,"href":"https:\/\/www.caririemacao.com\/1\/wp-json\/wp\/v2\/comments?post=99188"}],"version-history":[{"count":1,"href":"https:\/\/www.caririemacao.com\/1\/wp-json\/wp\/v2\/posts\/99188\/revisions"}],"predecessor-version":[{"id":99190,"href":"https:\/\/www.caririemacao.com\/1\/wp-json\/wp\/v2\/posts\/99188\/revisions\/99190"}],"wp:featuredmedia":[{"embeddable":true,"href":"https:\/\/www.caririemacao.com\/1\/wp-json\/wp\/v2\/media\/99189"}],"wp:attachment":[{"href":"https:\/\/www.caririemacao.com\/1\/wp-json\/wp\/v2\/media?parent=99188"}],"wp:term":[{"taxonomy":"category","embeddable":true,"href":"https:\/\/www.caririemacao.com\/1\/wp-json\/wp\/v2\/categories?post=99188"},{"taxonomy":"post_tag","embeddable":true,"href":"https:\/\/www.caririemacao.com\/1\/wp-json\/wp\/v2\/tags?post=99188"}],"curies":[{"name":"wp","href":"https:\/\/api.w.org\/{rel}","templated":true}]}}