{"id":99197,"date":"2019-06-10T13:16:49","date_gmt":"2019-06-10T16:16:49","guid":{"rendered":"http:\/\/www.caririemacao.com\/1\/?p=99197"},"modified":"2019-06-10T13:16:49","modified_gmt":"2019-06-10T16:16:49","slug":"comite-estadual-organiza-protesto-em-frente-ao-mpf-para-pedir-liberdade-de-lula-na-pb","status":"publish","type":"post","link":"https:\/\/www.caririemacao.com\/1\/2019\/06\/10\/comite-estadual-organiza-protesto-em-frente-ao-mpf-para-pedir-liberdade-de-lula-na-pb\/","title":{"rendered":"Comit\u00ea Estadual organiza protesto em frente ao MPF para pedir liberdade de Lula, na PB"},"content":{"rendered":"\n<p>O Comit\u00ea Estadual Lula Livre est\u00e1 organizando um protesto na frente da sede do Minist\u00e9rio P\u00fablico Federal na Para\u00edba (MPF-PB), na avenida Epit\u00e1cio Pessoa, na capital. A manifesta\u00e7\u00e3o, marcada atrav\u00e9s das redes sociais, deve acontecer por volta das 17h desta segunda-feira (10).<\/p>\n\n\n\n<p>A pauta \u00e9 a liberta\u00e7\u00e3o do ex-presidente Lula (PT), ap\u00f3s revela\u00e7\u00f5es feitas pelo The Intercept Brasil da rela\u00e7\u00e3o entre o ent\u00e3o juiz S\u00e9rgio Moro e o procurador Deltan Dallagnol em prol de dificultar a candidatura e prejudicar o petista.<\/p>\n\n\n\n<p>\u201cExigimos, das cortes superiores, a anula\u00e7\u00e3o dos julgamentos que o condenaram o ex-presidente Lu\u00eds In\u00e1cio Lula da Silva, e sua imediata liberta\u00e7\u00e3o e o pleno reconhecimento de sua inoc\u00eancia\u201d, versa trecho do comunicado do Comit\u00ea.<\/p>\n","protected":false},"excerpt":{"rendered":"<p>O Comit\u00ea Estadual Lula Livre est\u00e1 organizando um protesto na frente da sede do Minist\u00e9rio P\u00fablico Federal na Para\u00edba (MPF-PB), na avenida Epit\u00e1cio Pessoa, na&hellip; <\/p>\n","protected":false},"author":1,"featured_media":5803,"comment_status":"closed","ping_status":"closed","sticky":false,"template":"","format":"standard","meta":{"sfsi_plus_gutenberg_text_before_share":"","sfsi_plus_gutenberg_show_text_before_share":"","sfsi_plus_gutenberg_icon_type":"","sfsi_plus_gutenberg_icon_alignemt":"","sfsi_plus_gutenburg_max_per_row":"","footnotes":""},"categories":[11],"tags":[],"class_list":["post-99197","post","type-post","status-publish","format-standard","has-post-thumbnail","hentry","category-politica"],"_links":{"self":[{"href":"https:\/\/www.caririemacao.com\/1\/wp-json\/wp\/v2\/posts\/99197","targetHints":{"allow":["GET"]}}],"collection":[{"href":"https:\/\/www.caririemacao.com\/1\/wp-json\/wp\/v2\/posts"}],"about":[{"href":"https:\/\/www.caririemacao.com\/1\/wp-json\/wp\/v2\/types\/post"}],"author":[{"embeddable":true,"href":"https:\/\/www.caririemacao.com\/1\/wp-json\/wp\/v2\/users\/1"}],"replies":[{"embeddable":true,"href":"https:\/\/www.caririemacao.com\/1\/wp-json\/wp\/v2\/comments?post=99197"}],"version-history":[{"count":1,"href":"https:\/\/www.caririemacao.com\/1\/wp-json\/wp\/v2\/posts\/99197\/revisions"}],"predecessor-version":[{"id":99198,"href":"https:\/\/www.caririemacao.com\/1\/wp-json\/wp\/v2\/posts\/99197\/revisions\/99198"}],"wp:featuredmedia":[{"embeddable":true,"href":"https:\/\/www.caririemacao.com\/1\/wp-json\/wp\/v2\/media\/5803"}],"wp:attachment":[{"href":"https:\/\/www.caririemacao.com\/1\/wp-json\/wp\/v2\/media?parent=99197"}],"wp:term":[{"taxonomy":"category","embeddable":true,"href":"https:\/\/www.caririemacao.com\/1\/wp-json\/wp\/v2\/categories?post=99197"},{"taxonomy":"post_tag","embeddable":true,"href":"https:\/\/www.caririemacao.com\/1\/wp-json\/wp\/v2\/tags?post=99197"}],"curies":[{"name":"wp","href":"https:\/\/api.w.org\/{rel}","templated":true}]}}