{"id":99208,"date":"2019-06-10T13:43:40","date_gmt":"2019-06-10T16:43:40","guid":{"rendered":"http:\/\/www.caririemacao.com\/1\/?p=99208"},"modified":"2019-06-10T13:43:49","modified_gmt":"2019-06-10T16:43:49","slug":"prefeito-eden-define-datas-das-plenarias-do-orcamento-democratico-do-municipio-de-sume","status":"publish","type":"post","link":"https:\/\/www.caririemacao.com\/1\/2019\/06\/10\/prefeito-eden-define-datas-das-plenarias-do-orcamento-democratico-do-municipio-de-sume\/","title":{"rendered":"Prefeito \u00c9den define datas das plen\u00e1rias do Or\u00e7amento Democr\u00e1tico do Munic\u00edpio de Sum\u00e9"},"content":{"rendered":"\n<p>Ap\u00f3s o lan\u00e7amento oficial do Or\u00e7amento Democr\u00e1tico Municipal (ODM), o prefeito \u00c9den Duarte apresentou no \u00faltimo s\u00e1bado o calend\u00e1rio das plen\u00e1rias que acontecer\u00e3o em todo o munic\u00edpio, na zona urbana e zona rural.<\/p>\n\n\n\n<figure class=\"wp-block-image\"><img fetchpriority=\"high\" decoding=\"async\" width=\"857\" height=\"501\" src=\"http:\/\/www.caririemacao.com\/1\/wp-content\/uploads\/2019\/06\/eden.png\" alt=\"\" class=\"wp-image-99209\" srcset=\"https:\/\/www.caririemacao.com\/1\/wp-content\/uploads\/2019\/06\/eden.png 857w, https:\/\/www.caririemacao.com\/1\/wp-content\/uploads\/2019\/06\/eden-300x175.png 300w, https:\/\/www.caririemacao.com\/1\/wp-content\/uploads\/2019\/06\/eden-768x449.png 768w, https:\/\/www.caririemacao.com\/1\/wp-content\/uploads\/2019\/06\/eden-820x480.png 820w\" sizes=\"(max-width: 857px) 100vw, 857px\" \/><\/figure>\n\n\n\n<p>A divulga\u00e7\u00e3o do calend\u00e1rio foi feita durante o programa de r\u00e1dio da Prefeitura de Sum\u00e9, no \u00faltimo s\u00e1bado (10).<\/p>\n\n\n\n<p>O munic\u00edpio de Sum\u00e9 \u00e9 pioneiro na regi\u00e3o do Cariri Ocidental a institucionalizar o Or\u00e7amento Democr\u00e1tico, assim como foi tamb\u00e9m na cria\u00e7\u00e3o da Ouvidoria Municipal.<\/p>\n\n\n\n<p>Com o ODM, o prefeito \u00c9den cria mais um canal de participa\u00e7\u00e3o ativa da popula\u00e7\u00e3o para que a mesma aponte qual \u00e9 a melhor forma de aplicar os recursos p\u00fablicos em obras e servi\u00e7os, al\u00e9m de ser mais uma meta do seu plano de governo a ser cumprida.<\/p>\n\n\n\n<p>As plen\u00e1rias acontecer\u00e3o sempre \u00e0s sextas-feiras e s\u00e1bados, tendo in\u00edcio no dia 05 de julho e finalizando em 1\u00b0 de setembro.<\/p>\n\n\n\n<p>Ascom<\/p>\n","protected":false},"excerpt":{"rendered":"<p>Ap\u00f3s o lan\u00e7amento oficial do Or\u00e7amento Democr\u00e1tico Municipal (ODM), o prefeito \u00c9den Duarte apresentou no \u00faltimo s\u00e1bado o calend\u00e1rio das plen\u00e1rias que acontecer\u00e3o em todo&hellip; <\/p>\n","protected":false},"author":2,"featured_media":99210,"comment_status":"closed","ping_status":"closed","sticky":false,"template":"","format":"standard","meta":{"sfsi_plus_gutenberg_text_before_share":"","sfsi_plus_gutenberg_show_text_before_share":"","sfsi_plus_gutenberg_icon_type":"","sfsi_plus_gutenberg_icon_alignemt":"","sfsi_plus_gutenburg_max_per_row":"","footnotes":""},"categories":[6,50],"tags":[],"class_list":["post-99208","post","type-post","status-publish","format-standard","has-post-thumbnail","hentry","category-cidades","category-destaque"],"_links":{"self":[{"href":"https:\/\/www.caririemacao.com\/1\/wp-json\/wp\/v2\/posts\/99208","targetHints":{"allow":["GET"]}}],"collection":[{"href":"https:\/\/www.caririemacao.com\/1\/wp-json\/wp\/v2\/posts"}],"about":[{"href":"https:\/\/www.caririemacao.com\/1\/wp-json\/wp\/v2\/types\/post"}],"author":[{"embeddable":true,"href":"https:\/\/www.caririemacao.com\/1\/wp-json\/wp\/v2\/users\/2"}],"replies":[{"embeddable":true,"href":"https:\/\/www.caririemacao.com\/1\/wp-json\/wp\/v2\/comments?post=99208"}],"version-history":[{"count":1,"href":"https:\/\/www.caririemacao.com\/1\/wp-json\/wp\/v2\/posts\/99208\/revisions"}],"predecessor-version":[{"id":99216,"href":"https:\/\/www.caririemacao.com\/1\/wp-json\/wp\/v2\/posts\/99208\/revisions\/99216"}],"wp:featuredmedia":[{"embeddable":true,"href":"https:\/\/www.caririemacao.com\/1\/wp-json\/wp\/v2\/media\/99210"}],"wp:attachment":[{"href":"https:\/\/www.caririemacao.com\/1\/wp-json\/wp\/v2\/media?parent=99208"}],"wp:term":[{"taxonomy":"category","embeddable":true,"href":"https:\/\/www.caririemacao.com\/1\/wp-json\/wp\/v2\/categories?post=99208"},{"taxonomy":"post_tag","embeddable":true,"href":"https:\/\/www.caririemacao.com\/1\/wp-json\/wp\/v2\/tags?post=99208"}],"curies":[{"name":"wp","href":"https:\/\/api.w.org\/{rel}","templated":true}]}}