{"id":99221,"date":"2019-06-10T13:55:32","date_gmt":"2019-06-10T16:55:32","guid":{"rendered":"http:\/\/www.caririemacao.com\/1\/?p=99221"},"modified":"2019-06-10T13:55:32","modified_gmt":"2019-06-10T16:55:32","slug":"whatsapp-avisa-que-vai-penalizar-envio-de-mensagens-em-massa","status":"publish","type":"post","link":"https:\/\/www.caririemacao.com\/1\/2019\/06\/10\/whatsapp-avisa-que-vai-penalizar-envio-de-mensagens-em-massa\/","title":{"rendered":"WhatsApp avisa que vai penalizar envio de mensagens em massa"},"content":{"rendered":"\n<p>O WhatsApp informou que vai levar \u00e0 Justi\u00e7a casos de viola\u00e7\u00e3o dos termos de servi\u00e7os da plataforma com pr\u00e1ticas abusivas, como envio de mensagens em massa ou automatizadas. A informa\u00e7\u00e3o foi publicada em um comunicado na p\u00e1gina da empresa.<\/p>\n\n\n\n<p>Segundo a nota, o texto serve como aviso de que a empresa passar\u00e1 a tomar as medidas legais a partir do dia 7 de dezembro de 2019 contra as ocorr\u00eancias, mesmo que as informa\u00e7\u00f5es obtidas sobra as viola\u00e7\u00f5es vierem de fora da plataforma, como an\u00fancios de empresa que dizem ter a habilidade de fazer os disparos.<\/p>\n\n\n\n<p>Se as atividades forem detectadas pela tecnologia da plataforma, a empresa diz que as medidas podem ser tomadas antes dessa data.<\/p>\n\n\n\n<p>\u201cEste \u00e9 um desafio que requer uma abordagem hol\u00edstica. O WhatsApp est\u00e1 comprometido a utilizar todos os recursos \u00e0 disposi\u00e7\u00e3o dele, incluindo processar, se necess\u00e1rio for, para evitar abusos contra nossos termos de servi\u00e7o, como o envio de mensagens em massa ou utiliza\u00e7\u00e3o comercial\u201d, diz um trecho do comunicado.<\/p>\n\n\n\n<p>Nas elei\u00e7\u00f5es brasileiras de 2018, reportagens da Folha revelaram que empres\u00e1rios pagaram por disparos de mensagens em massa.<\/p>\n\n\n\n<p>O sistema para os envios usa bases de usu\u00e1rios que cederam seus n\u00fameros de forma volunt\u00e1ria ou bases de terceiros, vendidas por ag\u00eancias de estrat\u00e9gia digital.<\/p>\n\n\n\n<p>Ainda no ano passado, o WhatsApp chegou a enviar notifica\u00e7\u00e3o extrajudicial para as ag\u00eancias Quickmobile, Yacows, Croc services e SMS Market, citadas nas reportagens do jornal Folha de S.Paulo, e baniu as contas associadas.<\/p>\n\n\n\n<p>A plataforma, depois disso, anunciou outras medidas que tamb\u00e9m visavam diminuir os disparos em massa.<\/p>\n\n\n\n<p>Em janeiro passado, por exemplo, a empresa (que pertence ao Facebook) anunciou que passaria a limitar o n\u00famero de mensagens reencaminhadas para, no m\u00e1ximo, cinco usu\u00e1rios ou grupos por vez.<\/p>\n\n\n\n<p>Anteriormente, um usu\u00e1rio do WhatsApp poderia reenviar uma mensagem para 20 outros usu\u00e1rios ou grupos.<br>O novo limite de cinco reenvios expandia para n\u00edvel global uma medida que o WhatsApp havia colocado em pr\u00e1tica na \u00cdndia em julho de 2018, depois da dissemina\u00e7\u00e3o de rumores que levaram a assassinatos e tentativas de linchamento.<\/p>\n\n\n\n<p>Neste ano, a empresa alertou para abusos na campanha eleitoral da \u00cdndia e disse que j\u00e1 havia banido 6 milh\u00f5es de contas no mundo todo por envios em massa.<\/p>\n\n\n\n<p>Em artigo publicado na Folha de S.Paulo em outubro, a empresa afirmou que mais de 90% das mensagens no WhatsApp no Brasil eram entre duas pessoas (e que a maioria dos grupos tinha seis pessoas).<\/p>\n\n\n\n<p>\u00c0 \u00e9poca, a plataforma anunciava outra mudan\u00e7a, a diminui\u00e7\u00e3o do n\u00famero de grupos para que uma pessoa podia mandar, de 256 para os 20.<\/p>\n","protected":false},"excerpt":{"rendered":"<p>O WhatsApp informou que vai levar \u00e0 Justi\u00e7a casos de viola\u00e7\u00e3o dos termos de servi\u00e7os da plataforma com pr\u00e1ticas abusivas, como envio de mensagens em&hellip; <\/p>\n","protected":false},"author":1,"featured_media":95818,"comment_status":"closed","ping_status":"closed","sticky":false,"template":"","format":"standard","meta":{"sfsi_plus_gutenberg_text_before_share":"","sfsi_plus_gutenberg_show_text_before_share":"","sfsi_plus_gutenberg_icon_type":"","sfsi_plus_gutenberg_icon_alignemt":"","sfsi_plus_gutenburg_max_per_row":"","footnotes":""},"categories":[50,2],"tags":[],"class_list":["post-99221","post","type-post","status-publish","format-standard","has-post-thumbnail","hentry","category-destaque","category-geral"],"_links":{"self":[{"href":"https:\/\/www.caririemacao.com\/1\/wp-json\/wp\/v2\/posts\/99221","targetHints":{"allow":["GET"]}}],"collection":[{"href":"https:\/\/www.caririemacao.com\/1\/wp-json\/wp\/v2\/posts"}],"about":[{"href":"https:\/\/www.caririemacao.com\/1\/wp-json\/wp\/v2\/types\/post"}],"author":[{"embeddable":true,"href":"https:\/\/www.caririemacao.com\/1\/wp-json\/wp\/v2\/users\/1"}],"replies":[{"embeddable":true,"href":"https:\/\/www.caririemacao.com\/1\/wp-json\/wp\/v2\/comments?post=99221"}],"version-history":[{"count":1,"href":"https:\/\/www.caririemacao.com\/1\/wp-json\/wp\/v2\/posts\/99221\/revisions"}],"predecessor-version":[{"id":99222,"href":"https:\/\/www.caririemacao.com\/1\/wp-json\/wp\/v2\/posts\/99221\/revisions\/99222"}],"wp:featuredmedia":[{"embeddable":true,"href":"https:\/\/www.caririemacao.com\/1\/wp-json\/wp\/v2\/media\/95818"}],"wp:attachment":[{"href":"https:\/\/www.caririemacao.com\/1\/wp-json\/wp\/v2\/media?parent=99221"}],"wp:term":[{"taxonomy":"category","embeddable":true,"href":"https:\/\/www.caririemacao.com\/1\/wp-json\/wp\/v2\/categories?post=99221"},{"taxonomy":"post_tag","embeddable":true,"href":"https:\/\/www.caririemacao.com\/1\/wp-json\/wp\/v2\/tags?post=99221"}],"curies":[{"name":"wp","href":"https:\/\/api.w.org\/{rel}","templated":true}]}}