{"id":99233,"date":"2019-06-10T15:23:08","date_gmt":"2019-06-10T18:23:08","guid":{"rendered":"http:\/\/www.caririemacao.com\/1\/?p=99233"},"modified":"2019-06-10T15:23:08","modified_gmt":"2019-06-10T18:23:08","slug":"idosa-de-89-anos-tem-alzheimer-mas-nao-esquece-do-grande-amor-da-sua-vida-seu-marido","status":"publish","type":"post","link":"https:\/\/www.caririemacao.com\/1\/2019\/06\/10\/idosa-de-89-anos-tem-alzheimer-mas-nao-esquece-do-grande-amor-da-sua-vida-seu-marido\/","title":{"rendered":"Idosa de 89 anos tem Alzheimer, mas n\u00e3o esquece do grande amor da sua vida: seu marido!"},"content":{"rendered":"\n<p>A dona Izabel Cassiano, 89 anos, foi diagnosticada com&nbsp;<a href=\"https:\/\/razoesparaacreditar.com\/amor\/neto-avo-alzheimer-daminha-casamento\/\">Alzheimer<\/a>&nbsp;h\u00e1 8 anos, e mesmo com as manifesta\u00e7\u00f5es da doen\u00e7a, ela n\u00e3o esquece do grande amor da sua vida, o seu Jo\u00e3o Mi\u00fado, 88 anos.<\/p>\n\n\n\n<p>Em novembro deste ano, o casal de Ouro Velho, na Para\u00edba, completar\u00e1 64 anos de\u00a0<a rel=\"noreferrer noopener\" href=\"https:\/\/razoesparaacreditar.com\/amor\/casados-idosos-internados-mesmo-quarto-hospital\/\" target=\"_blank\">uni\u00e3o<\/a>!\u00a0\u201c<strong>L\u00e1 vem o amor da minha vida!<\/strong>\u201d, diz dona Izabel sorrindo quando avista o seu Jo\u00e3o voltando da ro\u00e7a.<\/p>\n\n\n\n<p>Hoje, por conta do Alzheimer, os filhos se revezam para ajudar dona Izabel nas atividades do dia a dia e tamb\u00e9m para n\u00e3o deix\u00e1-la sozinha.<\/p>\n\n\n\n<p>Seu Jo\u00e3o \u00e9 agricultor e poeta. At\u00e9 hoje acorda cedinho para ir \u00e0 ro\u00e7a e todos os dias faz declara\u00e7\u00f5es de amor para a sua esposa. A dona Izabel tamb\u00e9m \u00e9 agricultora e tinha a miss\u00e3o de cuidar da casa e, diariamente, ansiava pela a volta do amado. Com o seu jeitinho meigo e engra\u00e7ado,&nbsp;<strong>enche a carequinha do seu Jo\u00e3o de beijos e carinho<\/strong>.<\/p>\n\n\n\n<figure class=\"wp-block-image\"><img decoding=\"async\" data-src=\"https:\/\/razoesparaacreditar.com\/wp-content\/uploads\/2019\/06\/whatsapp-image-2019-06-06-at-151720-1.jpeg\" alt=\"idosa alzheimer nao esquece marido\" class=\"wp-image-117130 lazyload\" src=\"data:image\/svg+xml;base64,PHN2ZyB3aWR0aD0iMSIgaGVpZ2h0PSIxIiB4bWxucz0iaHR0cDovL3d3dy53My5vcmcvMjAwMC9zdmciPjwvc3ZnPg==\" \/><figcaption>Que amor! &lt;3<\/figcaption><\/figure>\n\n\n\n<figure class=\"wp-block-image\"><img decoding=\"async\" data-src=\"https:\/\/razoesparaacreditar.com\/wp-content\/uploads\/2019\/06\/whatsapp-image-2019-06-06-at-151720.jpeg\" alt=\"idosa alzheimer nao esquece marido\" class=\"wp-image-117131 lazyload\" src=\"data:image\/svg+xml;base64,PHN2ZyB3aWR0aD0iMSIgaGVpZ2h0PSIxIiB4bWxucz0iaHR0cDovL3d3dy53My5vcmcvMjAwMC9zdmciPjwvc3ZnPg==\" \/><figcaption>Que gra\u00e7a, gente!<\/figcaption><\/figure>\n\n\n\n<figure class=\"wp-block-image\"><img decoding=\"async\" data-src=\"https:\/\/razoesparaacreditar.com\/wp-content\/uploads\/2019\/06\/whatsapp-image-2019-06-06-at-151721.jpeg\" alt=\"idosa alzheimer nao esquece marido\" class=\"wp-image-117135 lazyload\" src=\"data:image\/svg+xml;base64,PHN2ZyB3aWR0aD0iMSIgaGVpZ2h0PSIxIiB4bWxucz0iaHR0cDovL3d3dy53My5vcmcvMjAwMC9zdmciPjwvc3ZnPg==\" \/><figcaption>Voc\u00eas tamb\u00e9m est\u00e3o babando nessas fotos? &lt;3<\/figcaption><\/figure>\n\n\n\n<p>O neto desse casal pra l\u00e1 de fofo, Edjunior Cassiano, 25 anos, contou que a vida toda o relacionamento dos av\u00f3s foi exemplo de muito amor e carinho.<\/p>\n\n\n\n<p>\u201cLembro que quando ele n\u00e3o chegava no hor\u00e1rio, ela mesmo ia atr\u00e1s dele ou quando ele passava o dia todo trabalhando, ela preparava a sua marmitinha e levava para ele\u201d, disse.<\/p>\n\n\n\n<p>Desde o diagn\u00f3stico de Alzheimer, a dona Izabel apresentou v\u00e1rios epis\u00f3dios de perda de mem\u00f3ria e mudan\u00e7as de humor. \u00c0s vezes, esquece dos filhos e confunde-os com suas irm\u00e3s. Chega a n\u00e3o reconhecer seus netos.\u00a0<strong>Mas esquecer do seu Jo\u00e3o \u00e9 muito, mas muito raro<\/strong>. <\/p>\n","protected":false},"excerpt":{"rendered":"<p>A dona Izabel Cassiano, 89 anos, foi diagnosticada com&nbsp;Alzheimer&nbsp;h\u00e1 8 anos, e mesmo com as manifesta\u00e7\u00f5es da doen\u00e7a, ela n\u00e3o esquece do grande amor da&hellip; <\/p>\n","protected":false},"author":1,"featured_media":99234,"comment_status":"closed","ping_status":"closed","sticky":false,"template":"","format":"standard","meta":{"sfsi_plus_gutenberg_text_before_share":"","sfsi_plus_gutenberg_show_text_before_share":"","sfsi_plus_gutenberg_icon_type":"","sfsi_plus_gutenberg_icon_alignemt":"","sfsi_plus_gutenburg_max_per_row":"","footnotes":""},"categories":[2],"tags":[],"class_list":["post-99233","post","type-post","status-publish","format-standard","has-post-thumbnail","hentry","category-geral"],"_links":{"self":[{"href":"https:\/\/www.caririemacao.com\/1\/wp-json\/wp\/v2\/posts\/99233","targetHints":{"allow":["GET"]}}],"collection":[{"href":"https:\/\/www.caririemacao.com\/1\/wp-json\/wp\/v2\/posts"}],"about":[{"href":"https:\/\/www.caririemacao.com\/1\/wp-json\/wp\/v2\/types\/post"}],"author":[{"embeddable":true,"href":"https:\/\/www.caririemacao.com\/1\/wp-json\/wp\/v2\/users\/1"}],"replies":[{"embeddable":true,"href":"https:\/\/www.caririemacao.com\/1\/wp-json\/wp\/v2\/comments?post=99233"}],"version-history":[{"count":1,"href":"https:\/\/www.caririemacao.com\/1\/wp-json\/wp\/v2\/posts\/99233\/revisions"}],"predecessor-version":[{"id":99235,"href":"https:\/\/www.caririemacao.com\/1\/wp-json\/wp\/v2\/posts\/99233\/revisions\/99235"}],"wp:featuredmedia":[{"embeddable":true,"href":"https:\/\/www.caririemacao.com\/1\/wp-json\/wp\/v2\/media\/99234"}],"wp:attachment":[{"href":"https:\/\/www.caririemacao.com\/1\/wp-json\/wp\/v2\/media?parent=99233"}],"wp:term":[{"taxonomy":"category","embeddable":true,"href":"https:\/\/www.caririemacao.com\/1\/wp-json\/wp\/v2\/categories?post=99233"},{"taxonomy":"post_tag","embeddable":true,"href":"https:\/\/www.caririemacao.com\/1\/wp-json\/wp\/v2\/tags?post=99233"}],"curies":[{"name":"wp","href":"https:\/\/api.w.org\/{rel}","templated":true}]}}