{"id":99240,"date":"2019-06-10T15:28:02","date_gmt":"2019-06-10T18:28:02","guid":{"rendered":"http:\/\/www.caririemacao.com\/1\/?p=99240"},"modified":"2019-06-10T15:28:02","modified_gmt":"2019-06-10T18:28:02","slug":"cerca-de-400-advogados-pedem-afastamento-de-membros-da-lava-jato","status":"publish","type":"post","link":"https:\/\/www.caririemacao.com\/1\/2019\/06\/10\/cerca-de-400-advogados-pedem-afastamento-de-membros-da-lava-jato\/","title":{"rendered":"Cerca de 400 advogados pedem afastamento de membros da Lava Jato"},"content":{"rendered":"\n<p>Um manifesto com cerca de 400 assinaturas feito pelo grupo de advogados Prerrogativas pede a investiga\u00e7\u00e3o e o \u201cafastamento imediato dos envolvidos\u201d nas trocas de&nbsp;<strong><a href=\"https:\/\/paraibaonline.com.br\/2019\/06\/moro-nega-anormalidade-ou-direcionamento-em-troca-de-mensagens-com-dallagnol\/\">mensagens de membros da Opera\u00e7\u00e3o Lava Jato reveladas pelo site The Intercept Brasil<\/a><\/strong>.<\/p>\n\n\n\n<p>Assinam o documento nomes como L\u00eanio Streck, Celso Antonio Bandeira de Mello e Pedro Serrano.<\/p>\n\n\n\n<p>O texto afirma que a \u201cRep\u00fablica de Curitiba\u201d \u201cn\u00e3o passou de uma conspira\u00e7\u00e3o pol\u00edtica, usando o Judici\u00e1rio apenas como pano de fundo, quando, na verdade, sempre foi a\u00e7\u00e3o pol\u00edtica coordenada, sem escr\u00fapulos e sem nenhum compromisso com o pa\u00eds e suas institui\u00e7\u00f5es republicanas\u201d.<\/p>\n\n\n\n<p>\u201cNesse sentido, trata-se de um dos maiores esc\u00e2ndalos nas Institui\u00e7\u00f5es Poder Judici\u00e1rio e Minist\u00e9rio P\u00fablico da era p\u00f3s-1988, surgindo, da leitura dos documentos, o crime de lesa-p\u00e1tria que levou o Brasil a enorme caos econ\u00f4mico, desorganizando empresas e setores da Economia\u201d, diz o manifesto.<\/p>\n\n\n\n<p>O documento tamb\u00e9m faz refer\u00eancia a \u201cind\u00fastria das dela\u00e7\u00f5es premiadas\u201d e as mensagens trocada entre o ministro Sergio Moro e o procurador Deltan Dallagnol sobre o vazamento de grava\u00e7\u00f5es de um di\u00e1logo entre a ent\u00e3o presidente Dilma Rousseff e o ex-presidente Lula.<\/p>\n\n\n\n<p>\u201cO CNJ, o CNMP e o Congresso Nacional t\u00eam a obriga\u00e7\u00e3o de instaurar imediatos procedimentos administrativos em face dos envolvidos, para investigar os supostos crimes cometidos\u201d.<\/p>\n","protected":false},"excerpt":{"rendered":"<p>Um manifesto com cerca de 400 assinaturas feito pelo grupo de advogados Prerrogativas pede a investiga\u00e7\u00e3o e o \u201cafastamento imediato dos envolvidos\u201d nas trocas de&nbsp;mensagens&hellip; <\/p>\n","protected":false},"author":1,"featured_media":99241,"comment_status":"closed","ping_status":"closed","sticky":false,"template":"","format":"standard","meta":{"sfsi_plus_gutenberg_text_before_share":"","sfsi_plus_gutenberg_show_text_before_share":"","sfsi_plus_gutenberg_icon_type":"","sfsi_plus_gutenberg_icon_alignemt":"","sfsi_plus_gutenburg_max_per_row":"","footnotes":""},"categories":[11],"tags":[],"class_list":["post-99240","post","type-post","status-publish","format-standard","has-post-thumbnail","hentry","category-politica"],"_links":{"self":[{"href":"https:\/\/www.caririemacao.com\/1\/wp-json\/wp\/v2\/posts\/99240","targetHints":{"allow":["GET"]}}],"collection":[{"href":"https:\/\/www.caririemacao.com\/1\/wp-json\/wp\/v2\/posts"}],"about":[{"href":"https:\/\/www.caririemacao.com\/1\/wp-json\/wp\/v2\/types\/post"}],"author":[{"embeddable":true,"href":"https:\/\/www.caririemacao.com\/1\/wp-json\/wp\/v2\/users\/1"}],"replies":[{"embeddable":true,"href":"https:\/\/www.caririemacao.com\/1\/wp-json\/wp\/v2\/comments?post=99240"}],"version-history":[{"count":1,"href":"https:\/\/www.caririemacao.com\/1\/wp-json\/wp\/v2\/posts\/99240\/revisions"}],"predecessor-version":[{"id":99242,"href":"https:\/\/www.caririemacao.com\/1\/wp-json\/wp\/v2\/posts\/99240\/revisions\/99242"}],"wp:featuredmedia":[{"embeddable":true,"href":"https:\/\/www.caririemacao.com\/1\/wp-json\/wp\/v2\/media\/99241"}],"wp:attachment":[{"href":"https:\/\/www.caririemacao.com\/1\/wp-json\/wp\/v2\/media?parent=99240"}],"wp:term":[{"taxonomy":"category","embeddable":true,"href":"https:\/\/www.caririemacao.com\/1\/wp-json\/wp\/v2\/categories?post=99240"},{"taxonomy":"post_tag","embeddable":true,"href":"https:\/\/www.caririemacao.com\/1\/wp-json\/wp\/v2\/tags?post=99240"}],"curies":[{"name":"wp","href":"https:\/\/api.w.org\/{rel}","templated":true}]}}