{"id":99244,"date":"2019-06-10T15:29:40","date_gmt":"2019-06-10T18:29:40","guid":{"rendered":"http:\/\/www.caririemacao.com\/1\/?p=99244"},"modified":"2019-06-10T15:29:40","modified_gmt":"2019-06-10T18:29:40","slug":"presidente-do-pt-na-paraiba-pede-anulacao-dos-processos-contra-lula","status":"publish","type":"post","link":"https:\/\/www.caririemacao.com\/1\/2019\/06\/10\/presidente-do-pt-na-paraiba-pede-anulacao-dos-processos-contra-lula\/","title":{"rendered":"Presidente do PT na Para\u00edba pede anula\u00e7\u00e3o dos processos contra Lula"},"content":{"rendered":"\n<p>O presidente da executiva estadual do PT na Para\u00edba, Jackson Macedo, que sempre se manifestou contr\u00e1rio \u00e0 pris\u00e3o do ex-presidente da Rep\u00fablica, Luiz In\u00e1cio Lula da Silva, por achar que houve arbitrariedade da Justi\u00e7a, voltou a pedir a anula\u00e7\u00e3o dos processos, ap\u00f3s o&nbsp;<a href=\"https:\/\/paraibaonline.com.br\/2019\/06\/moro-nega-anormalidade-ou-direcionamento-em-troca-de-mensagens-com-dallagnol\/\"><strong>vazamento de mensagens trocadas entre o atual ministro da Justi\u00e7a, S\u00e9rgio Moro, e o procurador da Rep\u00fablica, Delton Dallagnol<\/strong><\/a>, sobre poss\u00edveis influ\u00eancias na Opera\u00e7\u00e3o Lava Jato.<\/p>\n\n\n\n<p>Para o presidente petista esse \u00e9 o maior esc\u00e2ndalo da hist\u00f3ria da justi\u00e7a brasileira e que caiu como um \u2018bum\u2019 dentro da Opera\u00e7\u00e3o Lava Jato.<\/p>\n\n\n\n<p>\u201cFoi montado uma organiza\u00e7\u00e3o criminosa, uma gang, uma quadrilha dentro do Minist\u00e9rio P\u00fablico Federal de Curitiba tento o Juiz S\u00e9rgio Moro como principal mentor dessa quadrilha\u201d, disse.<\/p>\n\n\n\n<p>Apesar das cr\u00edticas, o petista salientou que o Minist\u00e9rio P\u00fablico Federal \u00e9 um \u00f3rg\u00e3o honrado que tem uma hist\u00f3ria limpa no pa\u00eds, \u201cmas que infelizmente, a partir de Curitiba, foi montada uma organiza\u00e7\u00e3o criminosa para criminalizar o PT, perseguir o PT, para prender o presidente Lula e tir\u00e1-lo das elei\u00e7\u00f5es, porque sabiam que o ex-presidente venceria o pleito\u201d, destacou.<\/p>\n\n\n\n<p>Macedo disse que h\u00e1 cinco anos que vem denunciando que a Opera\u00e7\u00e3o Lava Jato \u00e9 um engodo para o pa\u00eds. Para ele seria mais honroso para a Justi\u00e7a que os processos contra Lula fossem anulados, porque \u201co que ocorreu foi t\u00e3o somente uma persegui\u00e7\u00e3o contra o ex-presidente, que foi preso sem provas e que o intuito era somente atrapalhar a sua elei\u00e7\u00e3o\u201d.<\/p>\n","protected":false},"excerpt":{"rendered":"<p>O presidente da executiva estadual do PT na Para\u00edba, Jackson Macedo, que sempre se manifestou contr\u00e1rio \u00e0 pris\u00e3o do ex-presidente da Rep\u00fablica, Luiz In\u00e1cio Lula&hellip; <\/p>\n","protected":false},"author":1,"featured_media":99245,"comment_status":"closed","ping_status":"closed","sticky":false,"template":"","format":"standard","meta":{"sfsi_plus_gutenberg_text_before_share":"","sfsi_plus_gutenberg_show_text_before_share":"","sfsi_plus_gutenberg_icon_type":"","sfsi_plus_gutenberg_icon_alignemt":"","sfsi_plus_gutenburg_max_per_row":"","footnotes":""},"categories":[11],"tags":[],"class_list":["post-99244","post","type-post","status-publish","format-standard","has-post-thumbnail","hentry","category-politica"],"_links":{"self":[{"href":"https:\/\/www.caririemacao.com\/1\/wp-json\/wp\/v2\/posts\/99244","targetHints":{"allow":["GET"]}}],"collection":[{"href":"https:\/\/www.caririemacao.com\/1\/wp-json\/wp\/v2\/posts"}],"about":[{"href":"https:\/\/www.caririemacao.com\/1\/wp-json\/wp\/v2\/types\/post"}],"author":[{"embeddable":true,"href":"https:\/\/www.caririemacao.com\/1\/wp-json\/wp\/v2\/users\/1"}],"replies":[{"embeddable":true,"href":"https:\/\/www.caririemacao.com\/1\/wp-json\/wp\/v2\/comments?post=99244"}],"version-history":[{"count":1,"href":"https:\/\/www.caririemacao.com\/1\/wp-json\/wp\/v2\/posts\/99244\/revisions"}],"predecessor-version":[{"id":99246,"href":"https:\/\/www.caririemacao.com\/1\/wp-json\/wp\/v2\/posts\/99244\/revisions\/99246"}],"wp:featuredmedia":[{"embeddable":true,"href":"https:\/\/www.caririemacao.com\/1\/wp-json\/wp\/v2\/media\/99245"}],"wp:attachment":[{"href":"https:\/\/www.caririemacao.com\/1\/wp-json\/wp\/v2\/media?parent=99244"}],"wp:term":[{"taxonomy":"category","embeddable":true,"href":"https:\/\/www.caririemacao.com\/1\/wp-json\/wp\/v2\/categories?post=99244"},{"taxonomy":"post_tag","embeddable":true,"href":"https:\/\/www.caririemacao.com\/1\/wp-json\/wp\/v2\/tags?post=99244"}],"curies":[{"name":"wp","href":"https:\/\/api.w.org\/{rel}","templated":true}]}}