{"id":99252,"date":"2019-06-10T15:33:16","date_gmt":"2019-06-10T18:33:16","guid":{"rendered":"http:\/\/www.caririemacao.com\/1\/?p=99252"},"modified":"2019-06-10T15:33:16","modified_gmt":"2019-06-10T18:33:16","slug":"professores-estudantes-e-tecnicos-da-ufcg-aderem-a-greve-geral-de-14-de-junho","status":"publish","type":"post","link":"https:\/\/www.caririemacao.com\/1\/2019\/06\/10\/professores-estudantes-e-tecnicos-da-ufcg-aderem-a-greve-geral-de-14-de-junho\/","title":{"rendered":"Professores, estudantes e t\u00e9cnicos da UFCG aderem \u00e0 Greve Geral de 14 de junho"},"content":{"rendered":"\n<p>Em todo o pa\u00eds, avan\u00e7a a mobiliza\u00e7\u00e3o para constru\u00e7\u00e3o da Greve Geral de 14 de junho, convocada pelas centrais sindicais. Na Para\u00edba, v\u00e1rias plen\u00e1rias unificadas est\u00e3o sendo realizadas para organizar a paralisa\u00e7\u00e3o contra a Reforma da Previd\u00eancia do governo Bolsonaro. Umas das institui\u00e7\u00f5es que adere&nbsp;ao ato \u00e9 a UFCG, que estar\u00e1 realizando uma marcha com servidores, professores e estudantes a partir das&nbsp;7h, nesta sexta-feira (14). A atividade&nbsp;ter\u00e1 concentra\u00e7\u00e3o em frente ao pr\u00e9dio da institui\u00e7\u00e3o e seguir\u00e1 at\u00e9 a&nbsp;Pra\u00e7a da Bandeira, no Centro da Cidade, onde haver\u00e1 a manifesta\u00e7\u00e3o geral.&nbsp;<\/p>\n\n\n\n<p>Em entrevista ao Portal ClickPB, o assessor da ADUFCG, Fred Oliveira, explicou que&nbsp;na sexta-feira n\u00e3o haver\u00e1 aula na institui\u00e7\u00e3o. &#8220;Estamos dialogando com os alunos e professores sobre a import\u00e2ncia dessa data como forma de denunciar a gravidade da reforma da Previd\u00eancia. N\u00e3o haver\u00e1 aula na institui\u00e7\u00e3o no dia da Greve&#8221;, explicou.&nbsp;<\/p>\n\n\n\n<p>A greve est\u00e1 sendo organizada pela CUT e demais centrais sindicais &#8211; CTB, For\u00e7a Sindical, CGTB, CSB, Nova Central, CSP- Conlutas e Intersindical.<br><\/p>\n\n\n\n<p>Segundo a Confedera\u00e7\u00e3o Nacional dos Trabalhadores em Educa\u00e7\u00e3o (CNTE) cerca de 4,5 milh\u00f5es de trabalhadores do setor&nbsp;devem parar no dia 14 de junho.&nbsp;<br><\/p>\n\n\n\n<p>Os docentes da Universidade Federal de Campina Grande (UFCG) j\u00e1 decidiram aderir ao movimento e paralisar suas atividades desde a&nbsp;\u00faltima assembleia da categoria, que aconteceu no dia 29 de maio em v\u00e1rios campi da UFCG espalhados pela Para\u00edba.<\/p>\n","protected":false},"excerpt":{"rendered":"<p>Em todo o pa\u00eds, avan\u00e7a a mobiliza\u00e7\u00e3o para constru\u00e7\u00e3o da Greve Geral de 14 de junho, convocada pelas centrais sindicais. Na Para\u00edba, v\u00e1rias plen\u00e1rias unificadas&hellip; <\/p>\n","protected":false},"author":1,"featured_media":3464,"comment_status":"closed","ping_status":"closed","sticky":false,"template":"","format":"standard","meta":{"sfsi_plus_gutenberg_text_before_share":"","sfsi_plus_gutenberg_show_text_before_share":"","sfsi_plus_gutenberg_icon_type":"","sfsi_plus_gutenberg_icon_alignemt":"","sfsi_plus_gutenburg_max_per_row":"","footnotes":""},"categories":[14],"tags":[],"class_list":["post-99252","post","type-post","status-publish","format-standard","has-post-thumbnail","hentry","category-educacao"],"_links":{"self":[{"href":"https:\/\/www.caririemacao.com\/1\/wp-json\/wp\/v2\/posts\/99252","targetHints":{"allow":["GET"]}}],"collection":[{"href":"https:\/\/www.caririemacao.com\/1\/wp-json\/wp\/v2\/posts"}],"about":[{"href":"https:\/\/www.caririemacao.com\/1\/wp-json\/wp\/v2\/types\/post"}],"author":[{"embeddable":true,"href":"https:\/\/www.caririemacao.com\/1\/wp-json\/wp\/v2\/users\/1"}],"replies":[{"embeddable":true,"href":"https:\/\/www.caririemacao.com\/1\/wp-json\/wp\/v2\/comments?post=99252"}],"version-history":[{"count":1,"href":"https:\/\/www.caririemacao.com\/1\/wp-json\/wp\/v2\/posts\/99252\/revisions"}],"predecessor-version":[{"id":99253,"href":"https:\/\/www.caririemacao.com\/1\/wp-json\/wp\/v2\/posts\/99252\/revisions\/99253"}],"wp:featuredmedia":[{"embeddable":true,"href":"https:\/\/www.caririemacao.com\/1\/wp-json\/wp\/v2\/media\/3464"}],"wp:attachment":[{"href":"https:\/\/www.caririemacao.com\/1\/wp-json\/wp\/v2\/media?parent=99252"}],"wp:term":[{"taxonomy":"category","embeddable":true,"href":"https:\/\/www.caririemacao.com\/1\/wp-json\/wp\/v2\/categories?post=99252"},{"taxonomy":"post_tag","embeddable":true,"href":"https:\/\/www.caririemacao.com\/1\/wp-json\/wp\/v2\/tags?post=99252"}],"curies":[{"name":"wp","href":"https:\/\/api.w.org\/{rel}","templated":true}]}}