{"id":99256,"date":"2019-06-10T15:36:59","date_gmt":"2019-06-10T18:36:59","guid":{"rendered":"http:\/\/www.caririemacao.com\/1\/?p=99256"},"modified":"2019-06-10T15:36:59","modified_gmt":"2019-06-10T18:36:59","slug":"mourao-nao-ve-nada-de-mais-em-conversas-entre-moro-e-procuradores","status":"publish","type":"post","link":"https:\/\/www.caririemacao.com\/1\/2019\/06\/10\/mourao-nao-ve-nada-de-mais-em-conversas-entre-moro-e-procuradores\/","title":{"rendered":"Mour\u00e3o n\u00e3o v\u00ea \u201cnada de mais\u201d em conversas entre Moro e procuradores"},"content":{"rendered":"\n<p>O vice-presidente Hamilton Mour\u00e3o disse hoje (10) que n\u00e3o v\u00ea \u201cnada de mais\u201d nas conversas atribu\u00eddas ao ministro da Justi\u00e7a e Seguran\u00e7a P\u00fablica, Sergio Moro, quando atuava como juiz federal, e a membros da for\u00e7a-tarefa da Opera\u00e7\u00e3o Lava Jato, divulgadas neste domingo (9), pelo site de not\u00edcias The Intercept Brasil.&nbsp;<\/p>\n\n\n\n<p>Para o Mour\u00e3o, os processos da Lava Jato n\u00e3o devem ser questionados, pois \u201ctodos eles passaram por primeira, segunda e outros j\u00e1 chegaram na terceira inst\u00e2ncia\u201d, disse.<\/p>\n\n\n\n<p>De acordo com Mour\u00e3o, as conversas foram divulgadas fora do seu contexto original.<\/p>\n\n\n\n<p>\u201cConversa privada \u00e9 conversa privada e descontextualizada ela traz qualquer n\u00famero de ila\u00e7\u00f5es. O ministro Moro \u00e9 um cara da mais ilibada confian\u00e7a do presidente [Jair Bolsonaro] e \u00e9 uma pessoa que, dentro do pa\u00eds, tem o respeito de enorme parte da popula\u00e7\u00e3o, visto as pesquisas de opini\u00e3o que d\u00e3o a popularidade dele\u201d, disse.<\/p>\n\n\n\n<p><strong>Intercept<\/strong><br><\/p>\n\n\n\n<p>Segundo a equipe do Intercept, as mensagens trocadas por meio de um aplicativo de conversas por celular foram entregues por uma fonte que pediu sigilo e apontam para uma \u201ccolabora\u00e7\u00e3o proibida\u201d entre o ent\u00e3o juiz federal respons\u00e1vel por julgar a Lava Jato, em Curitiba, e os procuradores, a quem cabe acusar os suspeitos de integrar o esquema de corrup\u00e7\u00e3o.<\/p>\n\n\n\n<p>Em texto que acompanha a publica\u00e7\u00e3o das tr\u00eas reportagens divulgadas ontem, o Intercept Brasil sustenta que o teor das mensagens indica \u201ccomportamentos anti\u00e9ticos e transgress\u00f5es que o Brasil e o mundo t\u00eam o direito de conhecer.\u201d&nbsp;<\/p>\n\n\n\n<p>Segundo o site, s\u00e3o \u201cdiscuss\u00f5es internas e atitudes altamente controversas, politizadas e legalmente duvidosas da for\u00e7a-tarefa da Lava Jato.\u201d<\/p>\n","protected":false},"excerpt":{"rendered":"<p>O vice-presidente Hamilton Mour\u00e3o disse hoje (10) que n\u00e3o v\u00ea \u201cnada de mais\u201d nas conversas atribu\u00eddas ao ministro da Justi\u00e7a e Seguran\u00e7a P\u00fablica, Sergio Moro,&hellip; <\/p>\n","protected":false},"author":1,"featured_media":99257,"comment_status":"closed","ping_status":"closed","sticky":false,"template":"","format":"standard","meta":{"sfsi_plus_gutenberg_text_before_share":"","sfsi_plus_gutenberg_show_text_before_share":"","sfsi_plus_gutenberg_icon_type":"","sfsi_plus_gutenberg_icon_alignemt":"","sfsi_plus_gutenburg_max_per_row":"","footnotes":""},"categories":[11],"tags":[],"class_list":["post-99256","post","type-post","status-publish","format-standard","has-post-thumbnail","hentry","category-politica"],"_links":{"self":[{"href":"https:\/\/www.caririemacao.com\/1\/wp-json\/wp\/v2\/posts\/99256","targetHints":{"allow":["GET"]}}],"collection":[{"href":"https:\/\/www.caririemacao.com\/1\/wp-json\/wp\/v2\/posts"}],"about":[{"href":"https:\/\/www.caririemacao.com\/1\/wp-json\/wp\/v2\/types\/post"}],"author":[{"embeddable":true,"href":"https:\/\/www.caririemacao.com\/1\/wp-json\/wp\/v2\/users\/1"}],"replies":[{"embeddable":true,"href":"https:\/\/www.caririemacao.com\/1\/wp-json\/wp\/v2\/comments?post=99256"}],"version-history":[{"count":1,"href":"https:\/\/www.caririemacao.com\/1\/wp-json\/wp\/v2\/posts\/99256\/revisions"}],"predecessor-version":[{"id":99258,"href":"https:\/\/www.caririemacao.com\/1\/wp-json\/wp\/v2\/posts\/99256\/revisions\/99258"}],"wp:featuredmedia":[{"embeddable":true,"href":"https:\/\/www.caririemacao.com\/1\/wp-json\/wp\/v2\/media\/99257"}],"wp:attachment":[{"href":"https:\/\/www.caririemacao.com\/1\/wp-json\/wp\/v2\/media?parent=99256"}],"wp:term":[{"taxonomy":"category","embeddable":true,"href":"https:\/\/www.caririemacao.com\/1\/wp-json\/wp\/v2\/categories?post=99256"},{"taxonomy":"post_tag","embeddable":true,"href":"https:\/\/www.caririemacao.com\/1\/wp-json\/wp\/v2\/tags?post=99256"}],"curies":[{"name":"wp","href":"https:\/\/api.w.org\/{rel}","templated":true}]}}