{"id":99261,"date":"2019-06-10T15:39:00","date_gmt":"2019-06-10T18:39:00","guid":{"rendered":"http:\/\/www.caririemacao.com\/1\/?p=99261"},"modified":"2019-06-10T15:39:00","modified_gmt":"2019-06-10T18:39:00","slug":"moro-deveria-se-afastar-do-cargo-diz-presidente-da-comissao-da-reforma-da-previdencia","status":"publish","type":"post","link":"https:\/\/www.caririemacao.com\/1\/2019\/06\/10\/moro-deveria-se-afastar-do-cargo-diz-presidente-da-comissao-da-reforma-da-previdencia\/","title":{"rendered":"Moro deveria se afastar do cargo, diz presidente da comiss\u00e3o da reforma da Previd\u00eancia"},"content":{"rendered":"\n<p>O presidente da comiss\u00e3o especial da reforma da Previd\u00eancia, deputado Marcelo Ramos (PL-AM), afirmou \u00e0 Reuters que o ministro da Justi\u00e7a e Seguran\u00e7a P\u00fablica, Sergio Moro, deveria se afastar voluntariamente do cargo at\u00e9 que se esclare\u00e7a a suposta colabora\u00e7\u00e3o entre o ent\u00e3o juiz e procuradores da Lava Jato, noticiada em reportagens do site Intercept Brasil.<\/p>\n\n\n\n<p>Para Ramos, que \u00e9 advogado e professor de Direito Constitucional, o afastamento de Moro n\u00e3o s\u00f3 seria a melhor atitude para n\u00e3o tumultuar ainda mais a discuss\u00e3o da reforma da Previd\u00eancia, mas tamb\u00e9m garantiria &#8220;liberdade de investiga\u00e7\u00e3o&#8221; \u00e0 Pol\u00edcia Federal, uma vez que o ministro controla a PF.<\/p>\n\n\n\n<p>&#8220;Diferente dele (Moro), n\u00e3o adequo minha interpreta\u00e7\u00e3o da lei conforme o acusado. N\u00e3o vejo nenhuma imposi\u00e7\u00e3o constitucional que justifique o afastamento. Mas penso que, como ref\u00e9m do pr\u00f3prio discurso, ele deveria pedir afastamento volunt\u00e1rio&#8221;, disse o deputado.<\/p>\n\n\n\n<p>&#8220;Acho que o Moro juiz indicaria ao Moro ministro o afastamento at\u00e9 esclarecer os fatos.&#8221;<\/p>\n\n\n\n<p>No momento, entretanto, Moro n\u00e3o \u00e9 alvo de qualquer tipo de investiga\u00e7\u00e3o e a PF, subordinada a ele, abriu investiga\u00e7\u00e3o sobre a invas\u00e3o de um telefone celular do pr\u00f3prio ministro. Ainda assim, Ramos disse que n\u00e3o parece &#8220;razo\u00e1vel&#8221; que Moro possa ser investigado por um \u00f3rg\u00e3o que est\u00e1 submetido ao ministro.<\/p>\n\n\n\n<p>A revela\u00e7\u00e3o das supostas conversas entre Moro e o coordenador da Lava Jato, Deltan Dallagnol, foi feita pelo site Intercept Brasil no domingo, com base no que diz ser arquivos recebidos de uma fonte an\u00f4nima. Nas reportagens, o site mostra o que seriam conversas entre Moro e Dallagnol sobre decis\u00f5es, andamento das investiga\u00e7\u00f5es e sugest\u00f5es de testemunhas.<\/p>\n\n\n\n<p>O ministro negou qualquer irregularidade nas supostas trocas de mensagens e disse que n\u00e3o podia confirmar se elas eram aut\u00eanticas, porque, segundo ele, s\u00e3o coisas que, se aconteceram, ocorreram anos atr\u00e1s.<\/p>\n\n\n\n<p>&#8220;Eu n\u00e3o tenho mais essas mensagens, eu n\u00e3o guardo esses registros&#8221;, disse Moro, ex-juiz respons\u00e1vel pelos processos da opera\u00e7\u00e3o Lava Jato em Curitiba, durante entrevista coletiva em Manaus nesta segunda-feira. &#8220;Quanto ao conte\u00fado, no que diz respeito \u00e0 minha pessoa, n\u00e3o vi nada demais.&#8221;<\/p>\n\n\n\n<p>Ramos, ao ser questionado se n\u00e3o seria o caso de o presidente Jair Bolsonaro tomar a decis\u00e3o de afastar Moro temporariamente, disse que n\u00e3o cabe a ele dizer o que o presidente deve fazer.<\/p>\n\n\n\n<p>O deputado admitiu que o caso envolvendo o ministro certamente &#8220;gera tumulto&#8221;, mas disse que se deve manter o calend\u00e1rio de vota\u00e7\u00e3o da reforma no colegiado. Ele afirmou que na ter\u00e7a-feira vai estar com a bancada da oposi\u00e7\u00e3o e vai sentir at\u00e9 onde as not\u00edcias contaminar\u00e3o a discuss\u00e3o.<\/p>\n","protected":false},"excerpt":{"rendered":"<p>O presidente da comiss\u00e3o especial da reforma da Previd\u00eancia, deputado Marcelo Ramos (PL-AM), afirmou \u00e0 Reuters que o ministro da Justi\u00e7a e Seguran\u00e7a P\u00fablica, Sergio&hellip; <\/p>\n","protected":false},"author":1,"featured_media":99262,"comment_status":"closed","ping_status":"closed","sticky":false,"template":"","format":"standard","meta":{"sfsi_plus_gutenberg_text_before_share":"","sfsi_plus_gutenberg_show_text_before_share":"","sfsi_plus_gutenberg_icon_type":"","sfsi_plus_gutenberg_icon_alignemt":"","sfsi_plus_gutenburg_max_per_row":"","footnotes":""},"categories":[11],"tags":[],"class_list":["post-99261","post","type-post","status-publish","format-standard","has-post-thumbnail","hentry","category-politica"],"_links":{"self":[{"href":"https:\/\/www.caririemacao.com\/1\/wp-json\/wp\/v2\/posts\/99261","targetHints":{"allow":["GET"]}}],"collection":[{"href":"https:\/\/www.caririemacao.com\/1\/wp-json\/wp\/v2\/posts"}],"about":[{"href":"https:\/\/www.caririemacao.com\/1\/wp-json\/wp\/v2\/types\/post"}],"author":[{"embeddable":true,"href":"https:\/\/www.caririemacao.com\/1\/wp-json\/wp\/v2\/users\/1"}],"replies":[{"embeddable":true,"href":"https:\/\/www.caririemacao.com\/1\/wp-json\/wp\/v2\/comments?post=99261"}],"version-history":[{"count":1,"href":"https:\/\/www.caririemacao.com\/1\/wp-json\/wp\/v2\/posts\/99261\/revisions"}],"predecessor-version":[{"id":99263,"href":"https:\/\/www.caririemacao.com\/1\/wp-json\/wp\/v2\/posts\/99261\/revisions\/99263"}],"wp:featuredmedia":[{"embeddable":true,"href":"https:\/\/www.caririemacao.com\/1\/wp-json\/wp\/v2\/media\/99262"}],"wp:attachment":[{"href":"https:\/\/www.caririemacao.com\/1\/wp-json\/wp\/v2\/media?parent=99261"}],"wp:term":[{"taxonomy":"category","embeddable":true,"href":"https:\/\/www.caririemacao.com\/1\/wp-json\/wp\/v2\/categories?post=99261"},{"taxonomy":"post_tag","embeddable":true,"href":"https:\/\/www.caririemacao.com\/1\/wp-json\/wp\/v2\/tags?post=99261"}],"curies":[{"name":"wp","href":"https:\/\/api.w.org\/{rel}","templated":true}]}}