{"id":99268,"date":"2019-06-10T16:03:05","date_gmt":"2019-06-10T19:03:05","guid":{"rendered":"http:\/\/www.caririemacao.com\/1\/?p=99268"},"modified":"2019-06-10T16:03:05","modified_gmt":"2019-06-10T19:03:05","slug":"quais-sao-os-cuidados-que-devemos-ter-com-os-dentes","status":"publish","type":"post","link":"https:\/\/www.caririemacao.com\/1\/2019\/06\/10\/quais-sao-os-cuidados-que-devemos-ter-com-os-dentes\/","title":{"rendered":"Quais s\u00e3o os cuidados que devemos ter com os dentes?"},"content":{"rendered":"\n<p>Nossa primeira denti\u00e7\u00e3o \u00e9 formada a partir dos seis meses de idade, com os dentes de leite.\u00a0Esses v\u00e3o nascendo aos poucos, at\u00e9 a crian\u00e7a ter 20 desses dentes provis\u00f3rios.<br><br>Os pais devem cuidar da boca do beb\u00ea, fazendo sua higieniza\u00e7\u00e3o, mesmo sem dentes. Ap\u00f3s o nascimento dessas estruturas, devem incentivar o filho a escov\u00e1-las.<br><br>A partir dos quatro anos, os dentes de leite v\u00e3o sendo trocados por dentes definitivos.\u00a0A denti\u00e7\u00e3o adulta tem at\u00e9 32 dentes.<\/p>\n\n\n\n<figure class=\"wp-block-image\"><img decoding=\"async\" data-src=\"https:\/\/escolakids-uol-com-br.cdn.ampproject.org\/i\/s\/escolakids.uol.com.br\/upload\/image\/dentes.jpg\" alt=\"\" src=\"data:image\/svg+xml;base64,PHN2ZyB3aWR0aD0iMSIgaGVpZ2h0PSIxIiB4bWxucz0iaHR0cDovL3d3dy53My5vcmcvMjAwMC9zdmciPjwvc3ZnPg==\" class=\"lazyload\" \/><\/figure>\n\n\n\n<p><br>Os dentes rasgam, trituram e misturam os alimentos com a saliva,\u00a0para que eles sejam aproveitados pelo nosso organismo, para saciar a fome e fornecer nutrientes.<br><br>Devemos escovar os dentes ao acordar, ap\u00f3s as refei\u00e7\u00f5es e antes de dormir, fazendo tamb\u00e9m o uso de fio dental.\u00a0Com isso evitamos as c\u00e1ries, as inflama\u00e7\u00f5es da gengiva e o mau h\u00e1lito (bafo com mau cheiro).<br><br>Visitar um dentista tamb\u00e9m \u00e9 importante, pois ele \u00e9 o profissional que faz os tratamentos necess\u00e1rios, como limpeza profunda, aplica\u00e7\u00e3o de fl\u00faor, tratamento das c\u00e1ries; e ensina como fazer a escova\u00e7\u00e3o correta.<\/p>\n\n\n\n<figure class=\"wp-block-image\"><img decoding=\"async\" data-src=\"https:\/\/escolakids-uol-com-br.cdn.ampproject.org\/i\/s\/escolakids.uol.com.br\/upload\/image\/cuide-bem-dos-dentes04.jpg\" alt=\"\" src=\"data:image\/svg+xml;base64,PHN2ZyB3aWR0aD0iMSIgaGVpZ2h0PSIxIiB4bWxucz0iaHR0cDovL3d3dy53My5vcmcvMjAwMC9zdmciPjwvc3ZnPg==\" class=\"lazyload\" \/><\/figure>\n\n\n\n<p><br>Comer doce e beber refrigerante n\u00e3o \u00e9 bom para os dentes, pois o a\u00e7\u00facar desses alimentos fica armazenado na boca, atraindo as bact\u00e9rias. Essas\u00a0bact\u00e9rias, ao se alimentarem dos res\u00edduos que est\u00e3o nos dentes, liberam subst\u00e2ncias capazes de corroer os dentes, ou seja: formar buracos neles. Tais buracos s\u00e3o chamados de c\u00e1ries.<\/p>\n\n\n\n<p>Ter c\u00e1rie \u00e9 muito ruim, pois o dente cariado d\u00f3i, nos incomoda muito e pode ser completamente destru\u00eddo. Por isso, nunca se esque\u00e7a dos cuidados que deve ter com os dentes!<\/p>\n\n\n\n<figure class=\"wp-block-image\"><img decoding=\"async\" data-src=\"https:\/\/escolakids-uol-com-br.cdn.ampproject.org\/i\/s\/escolakids.uol.com.br\/upload\/image\/carie.jpg\" alt=\"\" src=\"data:image\/svg+xml;base64,PHN2ZyB3aWR0aD0iMSIgaGVpZ2h0PSIxIiB4bWxucz0iaHR0cDovL3d3dy53My5vcmcvMjAwMC9zdmciPjwvc3ZnPg==\" class=\"lazyload\" \/><\/figure>\n\n\n\n<p><br><strong>Curiosidade:<\/strong><br><br>A primeira escova de dentes que temos not\u00edcias foi feita pelos eg\u00edpcios, h\u00e1 mais de 5000 anos. Ela era um ramo de planta desfiado, e suas fibras eram esfregadas contra os dentes.\u00a0A escova de dentes com cerdas de n\u00e1ilon, tal como conhecemos, foi criada nos Estados Unidos, em 1938.<br><br>Por Jussara de Barros, pedagoga<br>E Mariana Araguaia, bi\u00f3loga especialista em Educa\u00e7\u00e3o Ambiental<br>Equipe Escola Kids<\/p>\n","protected":false},"excerpt":{"rendered":"<p>Nossa primeira denti\u00e7\u00e3o \u00e9 formada a partir dos seis meses de idade, com os dentes de leite.\u00a0Esses v\u00e3o nascendo aos poucos, at\u00e9 a crian\u00e7a ter&hellip; <\/p>\n","protected":false},"author":1,"featured_media":99269,"comment_status":"closed","ping_status":"closed","sticky":false,"template":"","format":"standard","meta":{"sfsi_plus_gutenberg_text_before_share":"","sfsi_plus_gutenberg_show_text_before_share":"","sfsi_plus_gutenberg_icon_type":"","sfsi_plus_gutenberg_icon_alignemt":"","sfsi_plus_gutenburg_max_per_row":"","footnotes":""},"categories":[16],"tags":[],"class_list":["post-99268","post","type-post","status-publish","format-standard","has-post-thumbnail","hentry","category-saude"],"_links":{"self":[{"href":"https:\/\/www.caririemacao.com\/1\/wp-json\/wp\/v2\/posts\/99268","targetHints":{"allow":["GET"]}}],"collection":[{"href":"https:\/\/www.caririemacao.com\/1\/wp-json\/wp\/v2\/posts"}],"about":[{"href":"https:\/\/www.caririemacao.com\/1\/wp-json\/wp\/v2\/types\/post"}],"author":[{"embeddable":true,"href":"https:\/\/www.caririemacao.com\/1\/wp-json\/wp\/v2\/users\/1"}],"replies":[{"embeddable":true,"href":"https:\/\/www.caririemacao.com\/1\/wp-json\/wp\/v2\/comments?post=99268"}],"version-history":[{"count":1,"href":"https:\/\/www.caririemacao.com\/1\/wp-json\/wp\/v2\/posts\/99268\/revisions"}],"predecessor-version":[{"id":99270,"href":"https:\/\/www.caririemacao.com\/1\/wp-json\/wp\/v2\/posts\/99268\/revisions\/99270"}],"wp:featuredmedia":[{"embeddable":true,"href":"https:\/\/www.caririemacao.com\/1\/wp-json\/wp\/v2\/media\/99269"}],"wp:attachment":[{"href":"https:\/\/www.caririemacao.com\/1\/wp-json\/wp\/v2\/media?parent=99268"}],"wp:term":[{"taxonomy":"category","embeddable":true,"href":"https:\/\/www.caririemacao.com\/1\/wp-json\/wp\/v2\/categories?post=99268"},{"taxonomy":"post_tag","embeddable":true,"href":"https:\/\/www.caririemacao.com\/1\/wp-json\/wp\/v2\/tags?post=99268"}],"curies":[{"name":"wp","href":"https:\/\/api.w.org\/{rel}","templated":true}]}}