{"id":99275,"date":"2019-06-10T17:31:52","date_gmt":"2019-06-10T20:31:52","guid":{"rendered":"http:\/\/www.caririemacao.com\/1\/?p=99275"},"modified":"2019-06-10T18:15:58","modified_gmt":"2019-06-10T21:15:58","slug":"secretaria-de-saude-de-ouro-velho-realiza-o-programa-saude-em-tudo-lugar","status":"publish","type":"post","link":"https:\/\/www.caririemacao.com\/1\/2019\/06\/10\/secretaria-de-saude-de-ouro-velho-realiza-o-programa-saude-em-tudo-lugar\/","title":{"rendered":"Secretaria de Sa\u00fade de Ouro Velho realiza o Programa Sa\u00fade em Tudo Lugar"},"content":{"rendered":"\n<figure class=\"wp-block-image\"><img fetchpriority=\"high\" decoding=\"async\" width=\"576\" height=\"1024\" src=\"http:\/\/www.caririemacao.com\/1\/wp-content\/uploads\/2019\/06\/IMG-20190610-WA0080-576x1024.jpg\" alt=\"\" class=\"wp-image-99297\" srcset=\"https:\/\/www.caririemacao.com\/1\/wp-content\/uploads\/2019\/06\/IMG-20190610-WA0080.jpg 576w, https:\/\/www.caririemacao.com\/1\/wp-content\/uploads\/2019\/06\/IMG-20190610-WA0080-169x300.jpg 169w\" sizes=\"(max-width: 576px) 100vw, 576px\" \/><\/figure>\n\n\n\n<p>Buscando aproximar as pessoas da zona rural aos atendimentos de sa\u00fade, a Secretaria de Sa\u00fade de Ouro Velho promoveu nesta segunda-feira, dia 10, mais uma edi\u00e7\u00e3o do Programa Sa\u00fade em Tudo Lugar.<\/p>\n\n\n\n<figure class=\"wp-block-image\"><img decoding=\"async\" width=\"768\" height=\"1024\" data-src=\"http:\/\/www.caririemacao.com\/1\/wp-content\/uploads\/2019\/06\/IMG-20190610-WA0087-768x1024.jpg\" alt=\"\" class=\"wp-image-99295 lazyload\" data-srcset=\"https:\/\/www.caririemacao.com\/1\/wp-content\/uploads\/2019\/06\/IMG-20190610-WA0087.jpg 768w, https:\/\/www.caririemacao.com\/1\/wp-content\/uploads\/2019\/06\/IMG-20190610-WA0087-225x300.jpg 225w\" data-sizes=\"(max-width: 768px) 100vw, 768px\" src=\"data:image\/svg+xml;base64,PHN2ZyB3aWR0aD0iMSIgaGVpZ2h0PSIxIiB4bWxucz0iaHR0cDovL3d3dy53My5vcmcvMjAwMC9zdmciPjwvc3ZnPg==\" style=\"--smush-placeholder-width: 768px; --smush-placeholder-aspect-ratio: 768\/1024;\" \/><\/figure>\n\n\n\n<p>Desta vez, a comunidade atendida foi no s\u00edtio Boa Vista dos Bar\u00f5es. O atendimento foi realizado na escola Louren\u00e7o Bar\u00e3o.<\/p>\n\n\n\n<figure class=\"wp-block-image\"><img decoding=\"async\" width=\"768\" height=\"1024\" data-src=\"http:\/\/www.caririemacao.com\/1\/wp-content\/uploads\/2019\/06\/IMG-20190610-WA0081-768x1024.jpg\" alt=\"\" class=\"wp-image-99296 lazyload\" data-srcset=\"https:\/\/www.caririemacao.com\/1\/wp-content\/uploads\/2019\/06\/IMG-20190610-WA0081.jpg 768w, https:\/\/www.caririemacao.com\/1\/wp-content\/uploads\/2019\/06\/IMG-20190610-WA0081-225x300.jpg 225w\" data-sizes=\"(max-width: 768px) 100vw, 768px\" src=\"data:image\/svg+xml;base64,PHN2ZyB3aWR0aD0iMSIgaGVpZ2h0PSIxIiB4bWxucz0iaHR0cDovL3d3dy53My5vcmcvMjAwMC9zdmciPjwvc3ZnPg==\" style=\"--smush-placeholder-width: 768px; --smush-placeholder-aspect-ratio: 768\/1024;\" \/><\/figure>\n\n\n\n<p>De acordo com a secret\u00e1ria Ludmila, os atendimentos foram realizado com a Equipe do PSF que inclui m\u00e9dico, enfermeira, agentes comunit\u00e1rios de sa\u00fade, t\u00e9cnica em sa\u00fade bucal, nutricionista e farmac\u00eautica, levando sa\u00fade para pr\u00f3ximo da popula\u00e7\u00e3o da zona rural. <\/p>\n\n\n\n<figure class=\"wp-block-image\"><img decoding=\"async\" width=\"576\" height=\"1024\" data-src=\"http:\/\/www.caririemacao.com\/1\/wp-content\/uploads\/2019\/06\/IMG-20190610-WA0092-576x1024.jpg\" alt=\"\" class=\"wp-image-99292 lazyload\" data-srcset=\"https:\/\/www.caririemacao.com\/1\/wp-content\/uploads\/2019\/06\/IMG-20190610-WA0092.jpg 576w, https:\/\/www.caririemacao.com\/1\/wp-content\/uploads\/2019\/06\/IMG-20190610-WA0092-169x300.jpg 169w\" data-sizes=\"(max-width: 576px) 100vw, 576px\" src=\"data:image\/svg+xml;base64,PHN2ZyB3aWR0aD0iMSIgaGVpZ2h0PSIxIiB4bWxucz0iaHR0cDovL3d3dy53My5vcmcvMjAwMC9zdmciPjwvc3ZnPg==\" style=\"--smush-placeholder-width: 576px; --smush-placeholder-aspect-ratio: 576\/1024;\" \/><figcaption><br><\/figcaption><\/figure>\n\n\n\n<figure class=\"wp-block-image\"><img decoding=\"async\" width=\"1024\" height=\"768\" data-src=\"http:\/\/www.caririemacao.com\/1\/wp-content\/uploads\/2019\/06\/IMG-20190610-WA0084-1024x768.jpg\" alt=\"\" class=\"wp-image-99294 lazyload\" data-srcset=\"https:\/\/www.caririemacao.com\/1\/wp-content\/uploads\/2019\/06\/IMG-20190610-WA0084.jpg 1024w, https:\/\/www.caririemacao.com\/1\/wp-content\/uploads\/2019\/06\/IMG-20190610-WA0084-300x225.jpg 300w, https:\/\/www.caririemacao.com\/1\/wp-content\/uploads\/2019\/06\/IMG-20190610-WA0084-768x576.jpg 768w\" data-sizes=\"(max-width: 1024px) 100vw, 1024px\" src=\"data:image\/svg+xml;base64,PHN2ZyB3aWR0aD0iMSIgaGVpZ2h0PSIxIiB4bWxucz0iaHR0cDovL3d3dy53My5vcmcvMjAwMC9zdmciPjwvc3ZnPg==\" style=\"--smush-placeholder-width: 1024px; --smush-placeholder-aspect-ratio: 1024\/768;\" \/><\/figure>\n","protected":false},"excerpt":{"rendered":"<p>Buscando aproximar as pessoas da zona rural aos atendimentos de sa\u00fade, a Secretaria de Sa\u00fade de Ouro Velho promoveu nesta segunda-feira, dia 10, mais uma&hellip; <\/p>\n","protected":false},"author":2,"featured_media":99281,"comment_status":"closed","ping_status":"closed","sticky":false,"template":"","format":"standard","meta":{"sfsi_plus_gutenberg_text_before_share":"","sfsi_plus_gutenberg_show_text_before_share":"","sfsi_plus_gutenberg_icon_type":"","sfsi_plus_gutenberg_icon_alignemt":"","sfsi_plus_gutenburg_max_per_row":"","footnotes":""},"categories":[50,16],"tags":[],"class_list":["post-99275","post","type-post","status-publish","format-standard","has-post-thumbnail","hentry","category-destaque","category-saude"],"_links":{"self":[{"href":"https:\/\/www.caririemacao.com\/1\/wp-json\/wp\/v2\/posts\/99275","targetHints":{"allow":["GET"]}}],"collection":[{"href":"https:\/\/www.caririemacao.com\/1\/wp-json\/wp\/v2\/posts"}],"about":[{"href":"https:\/\/www.caririemacao.com\/1\/wp-json\/wp\/v2\/types\/post"}],"author":[{"embeddable":true,"href":"https:\/\/www.caririemacao.com\/1\/wp-json\/wp\/v2\/users\/2"}],"replies":[{"embeddable":true,"href":"https:\/\/www.caririemacao.com\/1\/wp-json\/wp\/v2\/comments?post=99275"}],"version-history":[{"count":2,"href":"https:\/\/www.caririemacao.com\/1\/wp-json\/wp\/v2\/posts\/99275\/revisions"}],"predecessor-version":[{"id":99298,"href":"https:\/\/www.caririemacao.com\/1\/wp-json\/wp\/v2\/posts\/99275\/revisions\/99298"}],"wp:featuredmedia":[{"embeddable":true,"href":"https:\/\/www.caririemacao.com\/1\/wp-json\/wp\/v2\/media\/99281"}],"wp:attachment":[{"href":"https:\/\/www.caririemacao.com\/1\/wp-json\/wp\/v2\/media?parent=99275"}],"wp:term":[{"taxonomy":"category","embeddable":true,"href":"https:\/\/www.caririemacao.com\/1\/wp-json\/wp\/v2\/categories?post=99275"},{"taxonomy":"post_tag","embeddable":true,"href":"https:\/\/www.caririemacao.com\/1\/wp-json\/wp\/v2\/tags?post=99275"}],"curies":[{"name":"wp","href":"https:\/\/api.w.org\/{rel}","templated":true}]}}