{"id":99284,"date":"2019-06-10T17:37:24","date_gmt":"2019-06-10T20:37:24","guid":{"rendered":"http:\/\/www.caririemacao.com\/1\/?p=99284"},"modified":"2019-06-10T17:37:24","modified_gmt":"2019-06-10T20:37:24","slug":"secretario-de-infraestrutura-e-empossado-em-cerimonia-no-gabinete-da-prefeita-em-monteiro","status":"publish","type":"post","link":"https:\/\/www.caririemacao.com\/1\/2019\/06\/10\/secretario-de-infraestrutura-e-empossado-em-cerimonia-no-gabinete-da-prefeita-em-monteiro\/","title":{"rendered":"Secret\u00e1rio de infraestrutura \u00e9 empossado em cerim\u00f4nia no gabinete da prefeita em Monteiro"},"content":{"rendered":"\n<p>Se colocando \u00e0 disposi\u00e7\u00e3o de todos os monteirenses, independente de cor partid\u00e1ria, o novo secret\u00e1rio de infraestrutura, Juraci Conrado, foi empossado na manh\u00e3 desta segunda-feira, 10, no gabinete da prefeita Anna Lorena.<\/p>\n\n\n\n<p>Recepcionando o empossado, estiveram presentes seus familiares, convidados, os vereadores, secret\u00e1rios municipais, o vice-prefeito Celecileno Alves e a prefeita Anna Lorena, que partilharam deste momento que se tornou hist\u00f3rico, conforme apontou o presidente da C\u00e2mara de Vereadores, o vereador Ricardo Jorge (Caj\u00f3), dizendo que ali no momento estavam representados todos os votos dos monteirenses, e que nesta parceria, o monteirense \u00e9 beneficiado de uma forma extremamente positiva.<\/p>\n\n\n\n<p>Em seu discurso, a prefeita Anna Lorena fez coloca\u00e7\u00f5es sobre a responsabilidade repassada a Rostand Chaves e agora repassada a Juraci Conrado. A gestora ainda falou da alegria que esta uni\u00e3o proporciona aos cidad\u00e3os, que acima de cores partid\u00e1rias e posicionamentos, a cidade est\u00e1 sendo posta acima de tudo.<\/p>\n\n\n\n<p>J\u00e1 empossado, Conrado se colocou \u00e0 disposi\u00e7\u00e3o de todos e a qualquer tempo para que todos os monteirenses tenham suas solicita\u00e7\u00f5es atendidas fazendo deste trabalho que se inicia neste momento uma jun\u00e7\u00e3o para que Monteiro seja a cada dia uma cidade cada vez melhor.<\/p>\n","protected":false},"excerpt":{"rendered":"<p>Se colocando \u00e0 disposi\u00e7\u00e3o de todos os monteirenses, independente de cor partid\u00e1ria, o novo secret\u00e1rio de infraestrutura, Juraci Conrado, foi empossado na manh\u00e3 desta segunda-feira,&hellip; <\/p>\n","protected":false},"author":1,"featured_media":99285,"comment_status":"closed","ping_status":"closed","sticky":false,"template":"","format":"standard","meta":{"sfsi_plus_gutenberg_text_before_share":"","sfsi_plus_gutenberg_show_text_before_share":"","sfsi_plus_gutenberg_icon_type":"","sfsi_plus_gutenberg_icon_alignemt":"","sfsi_plus_gutenburg_max_per_row":"","footnotes":""},"categories":[50,2],"tags":[],"class_list":["post-99284","post","type-post","status-publish","format-standard","has-post-thumbnail","hentry","category-destaque","category-geral"],"_links":{"self":[{"href":"https:\/\/www.caririemacao.com\/1\/wp-json\/wp\/v2\/posts\/99284","targetHints":{"allow":["GET"]}}],"collection":[{"href":"https:\/\/www.caririemacao.com\/1\/wp-json\/wp\/v2\/posts"}],"about":[{"href":"https:\/\/www.caririemacao.com\/1\/wp-json\/wp\/v2\/types\/post"}],"author":[{"embeddable":true,"href":"https:\/\/www.caririemacao.com\/1\/wp-json\/wp\/v2\/users\/1"}],"replies":[{"embeddable":true,"href":"https:\/\/www.caririemacao.com\/1\/wp-json\/wp\/v2\/comments?post=99284"}],"version-history":[{"count":1,"href":"https:\/\/www.caririemacao.com\/1\/wp-json\/wp\/v2\/posts\/99284\/revisions"}],"predecessor-version":[{"id":99286,"href":"https:\/\/www.caririemacao.com\/1\/wp-json\/wp\/v2\/posts\/99284\/revisions\/99286"}],"wp:featuredmedia":[{"embeddable":true,"href":"https:\/\/www.caririemacao.com\/1\/wp-json\/wp\/v2\/media\/99285"}],"wp:attachment":[{"href":"https:\/\/www.caririemacao.com\/1\/wp-json\/wp\/v2\/media?parent=99284"}],"wp:term":[{"taxonomy":"category","embeddable":true,"href":"https:\/\/www.caririemacao.com\/1\/wp-json\/wp\/v2\/categories?post=99284"},{"taxonomy":"post_tag","embeddable":true,"href":"https:\/\/www.caririemacao.com\/1\/wp-json\/wp\/v2\/tags?post=99284"}],"curies":[{"name":"wp","href":"https:\/\/api.w.org\/{rel}","templated":true}]}}