{"id":99309,"date":"2019-06-10T20:23:43","date_gmt":"2019-06-10T23:23:43","guid":{"rendered":"http:\/\/www.caririemacao.com\/1\/?p=99309"},"modified":"2019-06-10T20:23:43","modified_gmt":"2019-06-10T23:23:43","slug":"congresso-ja-articula-cpi-para-fazer-uma-devassa-em-sergio-moro","status":"publish","type":"post","link":"https:\/\/www.caririemacao.com\/1\/2019\/06\/10\/congresso-ja-articula-cpi-para-fazer-uma-devassa-em-sergio-moro\/","title":{"rendered":"Congresso j\u00e1 articula CPI para fazer uma devassa em S\u00e9rgio Moro"},"content":{"rendered":"\n<p>A c\u00fapula do Congresso Nacional j\u00e1 v\u00ea uma CPI (Comiss\u00e3o Parlamentar de Inqu\u00e9rito) sobre o caso do vazamento de conversas atribu\u00eddas a Sergio Moro e a Deltan Dallagnol como muito prov\u00e1vel.<\/p>\n\n\n\n<p>O presidente Jair Bolsonaro (PSL), por sua vez, est\u00e1 tentando se afastar ao m\u00e1ximo do caso envolvendo o ent\u00e3o juiz e hoje ministro da Justi\u00e7a de seu governo.<\/p>\n\n\n\n<p>Este \u00e9 o resumo inicial das rea\u00e7\u00f5es que tomaram Bras\u00edlia desde a noite de domingo (9), quando o site The Intercept Brasil divulgou trechos aparentemente hackeados do celular de um ou mais envolvidos. Al\u00e9m disso, o site promete novos cap\u00edtulos do material.<\/p>\n\n\n\n<p>Em reuni\u00e3o nesta manh\u00e3, os presidentes da C\u00e2mara, Rodrigo Maia (DEM-RJ), do Senado, Davi Alcolumbre (DEM-AP), e do STF (Supremo Tribunal Federal), Dias Toffoli, discutiram o cen\u00e1rio, que obviamente pode mudar ao longo das pr\u00f3ximas horas e dias.<\/p>\n\n\n\n<p>A avalia\u00e7\u00e3o interna do Congresso, levada a Maia e a Alcolumbre j\u00e1 na noite de domingo por l\u00edderes partid\u00e1rios, \u00e9 o cl\u00e1ssico clich\u00ea das CPIs: todos sabem como come\u00e7am, ningu\u00e9m como acabam.<\/p>\n\n\n\n<p>Isso dito, a preocupa\u00e7\u00e3o com a manuten\u00e7\u00e3o de uma agenda m\u00ednima de governabilidade, a come\u00e7ar pela tramita\u00e7\u00e3o da reforma da Previd\u00eancia, permeou as conversas.<\/p>\n\n\n\n<p>Se \u00e9 imposs\u00edvel saber a extens\u00e3o do dano do caso a esta altura, os sinais s\u00e3o bastante ruins para Moro. Bolsonaro deixou para o filho Eduardo, deputado pelo PSL-SP, a miss\u00e3o de fazer uma defesa da Lava Jato que o hoje ministro representava como juiz s\u00edmbolo. O filho vereador e estrategista digital do pai, Carlos (PSC-RJ), foi na mesma linha.<\/p>\n\n\n\n<p>O presidente ser\u00e1 obrigado a falar mais cedo ou mais tarde sobre a situa\u00e7\u00e3o, mas a aposta pela manh\u00e3 de segunda (10) no Planalto era a de que deixaria o voto de confian\u00e7a para ser dado pelo seu porta-voz, general Ot\u00e1vio do R\u00eago Barros.<\/p>\n\n\n\n<p>Os militares com assento no governo, usualmente entusiastas de Moro, est\u00e3o prudentemente silenciosos sobre o epis\u00f3dio at\u00e9 aqui.<\/p>\n\n\n\n<p>Segundo a reportagem ouviu do c\u00edrculo do presidente, a ordem \u00e9 se afastar de atos pregressos de Moro. Assim, o ministro tende a ser jogado \u00e0s feras no Congresso, onde tem poucos amigos para sua agenda moralizante e antiestablishment.<\/p>\n\n\n\n<p>A defesa pontual que parlamentares eleitos na mesma onda conservadora de Bolsonaro tender\u00e1 a ser isso, pontual, em especial com a c\u00fapula do Congresso lavando as m\u00e3os.<\/p>\n\n\n\n<p>Nunca \u00e9 demais lembrar que Moro e Maia j\u00e1 protagonizaram alterca\u00e7\u00f5es acerca do andamento do pacote anticrime do ministro neste ano. Fizeram as pazes, mas est\u00e3o longe de ter um relacionamento pr\u00f3ximo.<\/p>\n\n\n\n<p>An\u00e1lises preliminares da rea\u00e7\u00e3o de redes sociais, que n\u00e3o s\u00e3o pesquisas de opini\u00e3o mas servem de term\u00f4metro para pol\u00edticos, indicam que Moro ainda est\u00e1 com sua imagem relativamente intocada fora dos grupos \u00e0 esquerda.<\/p>\n\n\n\n<p>As hashtags favor\u00e1veis \u00e0 Lava Jato e ao ministro s\u00e3o mais replicadas do que as contr\u00e1rias, ainda que nesta conta seja indistingu\u00edvel o universo de rob\u00f4s virtuais e internautas reais.<\/p>\n\n\n\n<p>Isso certamente ter\u00e1 efeito na ferocidade com que Moro ser\u00e1 atacado no Congresso. Partidos de centro e centro-direita n\u00e3o est\u00e3o \u00e0 frente dos movimentos para a CPI neste momento, por temer a associa\u00e7\u00e3o negativa com uma agenda pr\u00f3-corrup\u00e7\u00e3o.<\/p>\n\n\n\n<p>Assim a iniciativa foi deixada para a esquerda de sempre -PSOL e, principalmente, o PT que viu no caso uma oportunidade de reavivar seu slogan pela liberdade do ex-presidente Luiz In\u00e1cio Lula da Silva, por improv\u00e1vel que isso seja juridicamente na esteira das mensagens. Como ser\u00e1 o embarque na canoa \u00e9 algo ainda a ver.<\/p>\n\n\n\n<p>Por fim, resta o Supremo, representado por Toffoli nas discuss\u00f5es. A avalia\u00e7\u00e3o \u00e9 de que o caso dar\u00e1 for\u00e7a \u00e0 ala dita legalista da corte, que sempre torceu o nariz para Moro e seus m\u00e9todos.<\/p>\n\n\n\n<p>Com isso, a usual preponder\u00e2ncia de votos em favor da opera\u00e7\u00e3o no plen\u00e1rio pode ser afetada, caso ministros usualmente mais neutros tendam a unir-se aos contr\u00e1rios ao lava-jatismo.<\/p>\n\n\n\n<p>Al\u00e9m disso, mais \u00f3bvio, a resist\u00eancia a uma eventual indica\u00e7\u00e3o de Moro \u00e0 corte, conforme j\u00e1 foi prometido por Bolsonaro, dever\u00e1 crescer.<\/p>\n","protected":false},"excerpt":{"rendered":"<p>A c\u00fapula do Congresso Nacional j\u00e1 v\u00ea uma CPI (Comiss\u00e3o Parlamentar de Inqu\u00e9rito) sobre o caso do vazamento de conversas atribu\u00eddas a Sergio Moro e&hellip; <\/p>\n","protected":false},"author":1,"featured_media":99310,"comment_status":"closed","ping_status":"closed","sticky":false,"template":"","format":"standard","meta":{"sfsi_plus_gutenberg_text_before_share":"","sfsi_plus_gutenberg_show_text_before_share":"","sfsi_plus_gutenberg_icon_type":"","sfsi_plus_gutenberg_icon_alignemt":"","sfsi_plus_gutenburg_max_per_row":"","footnotes":""},"categories":[11],"tags":[],"class_list":["post-99309","post","type-post","status-publish","format-standard","has-post-thumbnail","hentry","category-politica"],"_links":{"self":[{"href":"https:\/\/www.caririemacao.com\/1\/wp-json\/wp\/v2\/posts\/99309","targetHints":{"allow":["GET"]}}],"collection":[{"href":"https:\/\/www.caririemacao.com\/1\/wp-json\/wp\/v2\/posts"}],"about":[{"href":"https:\/\/www.caririemacao.com\/1\/wp-json\/wp\/v2\/types\/post"}],"author":[{"embeddable":true,"href":"https:\/\/www.caririemacao.com\/1\/wp-json\/wp\/v2\/users\/1"}],"replies":[{"embeddable":true,"href":"https:\/\/www.caririemacao.com\/1\/wp-json\/wp\/v2\/comments?post=99309"}],"version-history":[{"count":1,"href":"https:\/\/www.caririemacao.com\/1\/wp-json\/wp\/v2\/posts\/99309\/revisions"}],"predecessor-version":[{"id":99311,"href":"https:\/\/www.caririemacao.com\/1\/wp-json\/wp\/v2\/posts\/99309\/revisions\/99311"}],"wp:featuredmedia":[{"embeddable":true,"href":"https:\/\/www.caririemacao.com\/1\/wp-json\/wp\/v2\/media\/99310"}],"wp:attachment":[{"href":"https:\/\/www.caririemacao.com\/1\/wp-json\/wp\/v2\/media?parent=99309"}],"wp:term":[{"taxonomy":"category","embeddable":true,"href":"https:\/\/www.caririemacao.com\/1\/wp-json\/wp\/v2\/categories?post=99309"},{"taxonomy":"post_tag","embeddable":true,"href":"https:\/\/www.caririemacao.com\/1\/wp-json\/wp\/v2\/tags?post=99309"}],"curies":[{"name":"wp","href":"https:\/\/api.w.org\/{rel}","templated":true}]}}